{"id":203509,"date":"2022-08-25T20:16:23","date_gmt":"2022-08-25T23:16:23","guid":{"rendered":"https:\/\/diarioregionaldigital.com.br\/?p=203509"},"modified":"2022-08-25T20:16:23","modified_gmt":"2022-08-25T23:16:23","slug":"projetos-de-futebol-do-parque-municipal-e-bom-de-bola-realizam-amistoso","status":"publish","type":"post","link":"https:\/\/diarioregionaldigital.com.br\/?p=203509","title":{"rendered":"Projetos de futebol do Parque Municipal e Bom de Bola realizam amistoso"},"content":{"rendered":"<p>Segundo informa\u00e7\u00f5es do site da Prefeitura de Juiz de Fora (PJF), neste s\u00e1bado, 27, o Parque Municipal receber\u00e1 um amistoso de futebol entre projetos da Prefeitura de Juiz de Fora (PJF). A partida acontecer\u00e1 \u00e0s 9h, entre a equipe do projeto de futebol masculino do Parque e o Bom de Bola, do bairro Previdenci\u00e1rios, na categoria sub-17.<\/p>\n<p>&nbsp;<\/p>\n<p>O projeto de futebol do Parque Municipal teve in\u00edcio em mar\u00e7o deste ano e esta ser\u00e1 a primeira vez que os alunos ter\u00e3o uma experi\u00eancia de jogo. Segundo o professor Luiz Carlos Laudiosa, \u201co objetivo \u00e9 colocar em pr\u00e1tica tudo que os atletas aprenderam nesses meses de treinamento, e tamb\u00e9m dar competitividade. Al\u00e9m disso, \u00e9 importante ter uma integra\u00e7\u00e3o entre os projetos da Prefeitura, por isso esse amistoso com o Bom de Bola\u201d.<\/p>\n<p>&nbsp;<\/p>\n<p>O projeto de futebol masculino acontece \u00e0s ter\u00e7as e quintas no Parque Municipal, em duas turmas, \u00e0s 9h30 e 15h40, para alunos entre 11 e 17 anos. Tamb\u00e9m s\u00e3o oferecidos \u00e0 popula\u00e7\u00e3o projetos esportivos para todas as idades, \u201cCaminhada no Parque\u201d, \u201cFutebol Feminino\u201d, \u201cFutsal\u201d, \u201cInicia\u00e7\u00e3o Esportiva\u201d, \u201cForma\u00e7\u00e3o de Goleiros\u201d, \u201cFutFit\u201d, \u201cGin\u00e1stica para Gestantes\u201d e \u201cHandebol\u201d. Para se inscrever, \u00e9 necess\u00e1rio comparecer \u00e0 recep\u00e7\u00e3o do parque e, menores de 18 anos, devem estar acompanhados de respons\u00e1vel.<\/p>\n<p>O Parque Municipal est\u00e1 localizado na Rua do Contorno, 8, no bairro Nova Calif\u00f3rnia, e funciona das 8h \u00e0s 17h, permitindo a entrada de visitantes at\u00e9 \u00e0s 16h. Para quem precisa do transporte p\u00fablico, as linhas que atendem o Parque s\u00e3o 520 (Aeroporto), 531 (Nova Calif\u00f3rnia) e 537 (Jardim da Serra), todos descritos no letreiro com \u201cVia Parque Municipal\u201d.<\/p>\n<p>&nbsp;<\/p>\n","protected":false},"excerpt":{"rendered":"<p>Segundo informa\u00e7\u00f5es do site da Prefeitura de Juiz de Fora (PJF), neste s\u00e1bado, 27, o Parque Municipal receber\u00e1 um amistoso de futebol entre projetos da Prefeitura de Juiz de Fora (PJF). A partida acontecer\u00e1 \u00e0s 9h, entre a equipe do projeto de futebol masculino do Parque e o Bom de Bola, do bairro Previdenci\u00e1rios, na [&hellip;]<\/p>\n","protected":false},"author":246,"featured_media":203510,"comment_status":"closed","ping_status":"closed","sticky":false,"template":"","format":"standard","meta":{"footnotes":""},"categories":[436,257,439],"tags":[],"class_list":["post-203509","post","type-post","status-publish","format-standard","has-post-thumbnail","hentry","category-destaque-da-semana","category-esporte","category-ultima-hora"],"_links":{"self":[{"href":"https:\/\/diarioregionaldigital.com.br\/index.php?rest_route=\/wp\/v2\/posts\/203509","targetHints":{"allow":["GET"]}}],"collection":[{"href":"https:\/\/diarioregionaldigital.com.br\/index.php?rest_route=\/wp\/v2\/posts"}],"about":[{"href":"https:\/\/diarioregionaldigital.com.br\/index.php?rest_route=\/wp\/v2\/types\/post"}],"author":[{"embeddable":true,"href":"https:\/\/diarioregionaldigital.com.br\/index.php?rest_route=\/wp\/v2\/users\/246"}],"replies":[{"embeddable":true,"href":"https:\/\/diarioregionaldigital.com.br\/index.php?rest_route=%2Fwp%2Fv2%2Fcomments&post=203509"}],"version-history":[{"count":1,"href":"https:\/\/diarioregionaldigital.com.br\/index.php?rest_route=\/wp\/v2\/posts\/203509\/revisions"}],"predecessor-version":[{"id":203511,"href":"https:\/\/diarioregionaldigital.com.br\/index.php?rest_route=\/wp\/v2\/posts\/203509\/revisions\/203511"}],"wp:featuredmedia":[{"embeddable":true,"href":"https:\/\/diarioregionaldigital.com.br\/index.php?rest_route=\/wp\/v2\/media\/203510"}],"wp:attachment":[{"href":"https:\/\/diarioregionaldigital.com.br\/index.php?rest_route=%2Fwp%2Fv2%2Fmedia&parent=203509"}],"wp:term":[{"taxonomy":"category","embeddable":true,"href":"https:\/\/diarioregionaldigital.com.br\/index.php?rest_route=%2Fwp%2Fv2%2Fcategories&post=203509"},{"taxonomy":"post_tag","embeddable":true,"href":"https:\/\/diarioregionaldigital.com.br\/index.php?rest_route=%2Fwp%2Fv2%2Ftags&post=203509"}],"curies":[{"name":"wp","href":"https:\/\/api.w.org\/{rel}","templated":true}]}}