{"id":203496,"date":"2022-08-25T19:54:29","date_gmt":"2022-08-25T22:54:29","guid":{"rendered":"https:\/\/diarioregionaldigital.com.br\/?p=203496"},"modified":"2022-08-25T19:54:29","modified_gmt":"2022-08-25T22:54:29","slug":"tse-autoriza-registro-de-candidatura-de-simone-tebet-a-presidencia","status":"publish","type":"post","link":"https:\/\/diarioregionaldigital.com.br\/?p=203496","title":{"rendered":"TSE autoriza registro de candidatura de Simone Tebet \u00e0 Presid\u00eancia"},"content":{"rendered":"<p>O ministro do Tribunal Superior Eleitoral (TSE) Ricardo Lewandowski deferiu hoje (25) o registro de candidatura da senadora Simone Tebet (MDB-MS) \u00e0 Presid\u00eancia da Rep\u00fablica. A candidatura da senadora Mara Gabrilli (PSDB-SP) \u00e0 vice-presid\u00eancia na mesma chapa tamb\u00e9m foi deferida.<img decoding=\"async\" src=\"https:\/\/agenciabrasil.ebc.com.br\/ebc.png?id=1478823&amp;o=node\" \/><img decoding=\"async\" src=\"https:\/\/agenciabrasil.ebc.com.br\/ebc.gif?id=1478823&amp;o=node\" \/><\/p>\n<p>Na decis\u00e3o, o ministro entendeu que as candidatas cumprem os requisitos constitucionais para concorrerem \u00e0s elei\u00e7\u00f5es de outubro, como nacionalidade brasileira, exerc\u00edcio pleno dos exerc\u00edcios pol\u00edticos, alisamento na condi\u00e7\u00e3o de eleitora, filia\u00e7\u00e3o partid\u00e1ria e idade m\u00ednima de 35 anos na data da eventual posse.<\/p>\n<p>Os pedido de\u00a0<a href=\"https:\/\/agenciabrasil.ebc.com.br\/justica\/noticia\/2022-08\/tse-recebe-12-registros-de-candidatura-presidencia-da-republica\" target=\"_blank\" rel=\"noopener\">candidaturas foram registrados<\/a>\u00a0no TSE no dia 7 de agosto. Simone Tebet declarou possuir bens declarados no valor de R$ 2,3 milh\u00f5es, entre im\u00f3veis e dep\u00f3sito em conta banc\u00e1ria. A lista de bens de Mara Gabrilli soma R$ 12,8 milh\u00f5es, entre im\u00f3veis e investimentos financeiros. As candidaturas ser\u00e3o apoiadas pela federa\u00e7\u00e3o partid\u00e1ria PSDB-Cidadania e o Podemos.<\/p>\n<p>O TSE tem at\u00e9 o dia 12 de setembro para julgar todos os pedidos de registros de candidaturas apresentados \u00e0 Corte. As candidaturas de Sofia Manzano (PCB) e Vera L\u00facia (PSTU) foram as primeiras a serem\u00a0<a href=\"https:\/\/agenciabrasil.ebc.com.br\/justica\/noticia\/2022-08\/ministro-do-tse-defere-registros-de-duas-candidaturas-presidencia\" target=\"_blank\" rel=\"noopener\">julgadas e deferidas<\/a>.<\/p>\n<p><span style=\"font-weight: 400;\">Fonte: Ag\u00eancia Brasil <\/span><\/p>\n","protected":false},"excerpt":{"rendered":"<p>O ministro do Tribunal Superior Eleitoral (TSE) Ricardo Lewandowski deferiu hoje (25) o registro de candidatura da senadora Simone Tebet (MDB-MS) \u00e0 Presid\u00eancia da Rep\u00fablica. A candidatura da senadora Mara Gabrilli (PSDB-SP) \u00e0 vice-presid\u00eancia na mesma chapa tamb\u00e9m foi deferida. Na decis\u00e3o, o ministro entendeu que as candidatas cumprem os requisitos constitucionais para concorrerem \u00e0s [&hellip;]<\/p>\n","protected":false},"author":246,"featured_media":203497,"comment_status":"closed","ping_status":"closed","sticky":false,"template":"","format":"standard","meta":{"footnotes":""},"categories":[436,254,439],"tags":[],"class_list":["post-203496","post","type-post","status-publish","format-standard","has-post-thumbnail","hentry","category-destaque-da-semana","category-politica","category-ultima-hora"],"_links":{"self":[{"href":"https:\/\/diarioregionaldigital.com.br\/index.php?rest_route=\/wp\/v2\/posts\/203496","targetHints":{"allow":["GET"]}}],"collection":[{"href":"https:\/\/diarioregionaldigital.com.br\/index.php?rest_route=\/wp\/v2\/posts"}],"about":[{"href":"https:\/\/diarioregionaldigital.com.br\/index.php?rest_route=\/wp\/v2\/types\/post"}],"author":[{"embeddable":true,"href":"https:\/\/diarioregionaldigital.com.br\/index.php?rest_route=\/wp\/v2\/users\/246"}],"replies":[{"embeddable":true,"href":"https:\/\/diarioregionaldigital.com.br\/index.php?rest_route=%2Fwp%2Fv2%2Fcomments&post=203496"}],"version-history":[{"count":2,"href":"https:\/\/diarioregionaldigital.com.br\/index.php?rest_route=\/wp\/v2\/posts\/203496\/revisions"}],"predecessor-version":[{"id":203499,"href":"https:\/\/diarioregionaldigital.com.br\/index.php?rest_route=\/wp\/v2\/posts\/203496\/revisions\/203499"}],"wp:featuredmedia":[{"embeddable":true,"href":"https:\/\/diarioregionaldigital.com.br\/index.php?rest_route=\/wp\/v2\/media\/203497"}],"wp:attachment":[{"href":"https:\/\/diarioregionaldigital.com.br\/index.php?rest_route=%2Fwp%2Fv2%2Fmedia&parent=203496"}],"wp:term":[{"taxonomy":"category","embeddable":true,"href":"https:\/\/diarioregionaldigital.com.br\/index.php?rest_route=%2Fwp%2Fv2%2Fcategories&post=203496"},{"taxonomy":"post_tag","embeddable":true,"href":"https:\/\/diarioregionaldigital.com.br\/index.php?rest_route=%2Fwp%2Fv2%2Ftags&post=203496"}],"curies":[{"name":"wp","href":"https:\/\/api.w.org\/{rel}","templated":true}]}}