{"id":203484,"date":"2022-08-25T19:34:05","date_gmt":"2022-08-25T22:34:05","guid":{"rendered":"https:\/\/diarioregionaldigital.com.br\/?p=203484"},"modified":"2022-08-25T19:34:05","modified_gmt":"2022-08-25T22:34:05","slug":"confianca-do-consumidor-sobe-41-pontos-em-agosto-diz-fgv","status":"publish","type":"post","link":"https:\/\/diarioregionaldigital.com.br\/?p=203484","title":{"rendered":"Confian\u00e7a do consumidor sobe 4,1 pontos em agosto, diz FGV"},"content":{"rendered":"<p>O\u00a0\u00cdndice de Confian\u00e7a do Consumidor (ICC), calculado pela Funda\u00e7\u00e3o Getulio Vargas (FGV), cresceu 4,1 pontos, na passagem de julho para agosto deste ano. Com essa que foi a terceira alta consecutiva, o indicador chegou a 83,6 pontos, em uma escala de zero a 200 pontos.<img decoding=\"async\" src=\"https:\/\/agenciabrasil.ebc.com.br\/ebc.png?id=1478715&amp;o=node\" \/><img decoding=\"async\" src=\"https:\/\/agenciabrasil.ebc.com.br\/ebc.gif?id=1478715&amp;o=node\" \/><\/p>\n<p>A alta foi puxada pela melhor percep\u00e7\u00e3o dos consumidores em rela\u00e7\u00e3o\u00a0ao futuro. O \u00cdndice de Expectativas avan\u00e7ou 6 pontos e atingiu 92,6 pontos. J\u00e1 o \u00cdndice da Situa\u00e7\u00e3o Atual (ISA), que mede a confian\u00e7a no presente, subiu 1,4 ponto e chegou a 71,7 pontos.<\/p>\n<p>Entre os quesitos que comp\u00f5em o ICC, o melhor desempenho foi observado pelo \u00edmpeto para a compra de bens dur\u00e1veis, que subiu 11,3 pontos.<\/p>\n<p><span style=\"font-weight: 400;\"><br \/>\n<\/span><span style=\"font-weight: 400;\">Fonte: Ag\u00eancia Brasil <\/span><\/p>\n","protected":false},"excerpt":{"rendered":"<p>O\u00a0\u00cdndice de Confian\u00e7a do Consumidor (ICC), calculado pela Funda\u00e7\u00e3o Getulio Vargas (FGV), cresceu 4,1 pontos, na passagem de julho para agosto deste ano. Com essa que foi a terceira alta consecutiva, o indicador chegou a 83,6 pontos, em uma escala de zero a 200 pontos. A alta foi puxada pela melhor percep\u00e7\u00e3o dos consumidores em [&hellip;]<\/p>\n","protected":false},"author":246,"featured_media":203485,"comment_status":"closed","ping_status":"closed","sticky":false,"template":"","format":"standard","meta":{"footnotes":""},"categories":[436,261,439],"tags":[],"class_list":["post-203484","post","type-post","status-publish","format-standard","has-post-thumbnail","hentry","category-destaque-da-semana","category-economia","category-ultima-hora"],"_links":{"self":[{"href":"https:\/\/diarioregionaldigital.com.br\/index.php?rest_route=\/wp\/v2\/posts\/203484","targetHints":{"allow":["GET"]}}],"collection":[{"href":"https:\/\/diarioregionaldigital.com.br\/index.php?rest_route=\/wp\/v2\/posts"}],"about":[{"href":"https:\/\/diarioregionaldigital.com.br\/index.php?rest_route=\/wp\/v2\/types\/post"}],"author":[{"embeddable":true,"href":"https:\/\/diarioregionaldigital.com.br\/index.php?rest_route=\/wp\/v2\/users\/246"}],"replies":[{"embeddable":true,"href":"https:\/\/diarioregionaldigital.com.br\/index.php?rest_route=%2Fwp%2Fv2%2Fcomments&post=203484"}],"version-history":[{"count":1,"href":"https:\/\/diarioregionaldigital.com.br\/index.php?rest_route=\/wp\/v2\/posts\/203484\/revisions"}],"predecessor-version":[{"id":203486,"href":"https:\/\/diarioregionaldigital.com.br\/index.php?rest_route=\/wp\/v2\/posts\/203484\/revisions\/203486"}],"wp:featuredmedia":[{"embeddable":true,"href":"https:\/\/diarioregionaldigital.com.br\/index.php?rest_route=\/wp\/v2\/media\/203485"}],"wp:attachment":[{"href":"https:\/\/diarioregionaldigital.com.br\/index.php?rest_route=%2Fwp%2Fv2%2Fmedia&parent=203484"}],"wp:term":[{"taxonomy":"category","embeddable":true,"href":"https:\/\/diarioregionaldigital.com.br\/index.php?rest_route=%2Fwp%2Fv2%2Fcategories&post=203484"},{"taxonomy":"post_tag","embeddable":true,"href":"https:\/\/diarioregionaldigital.com.br\/index.php?rest_route=%2Fwp%2Fv2%2Ftags&post=203484"}],"curies":[{"name":"wp","href":"https:\/\/api.w.org\/{rel}","templated":true}]}}