{"id":203481,"date":"2022-08-25T19:31:44","date_gmt":"2022-08-25T22:31:44","guid":{"rendered":"https:\/\/diarioregionaldigital.com.br\/?p=203481"},"modified":"2022-08-25T19:31:44","modified_gmt":"2022-08-25T22:31:44","slug":"confianca-de-empresarios-cai-18-em-relacao-a-julho-mostra-cnc","status":"publish","type":"post","link":"https:\/\/diarioregionaldigital.com.br\/?p=203481","title":{"rendered":"Confian\u00e7a de empres\u00e1rios cai 1,8% em rela\u00e7\u00e3o a julho, mostra CNC"},"content":{"rendered":"<p>O \u00cdndice de Confian\u00e7a do Empres\u00e1rio do Com\u00e9rcio (ICEC) de agosto, divulgado hoje (25) pela Confedera\u00e7\u00e3o Nacional do Com\u00e9rcio de Bens, Servi\u00e7os e Turismo (CNC), alcan\u00e7ou 124 pontos, mostrando queda de 1,8% em rela\u00e7\u00e3o a julho, na compara\u00e7\u00e3o com ajuste sazonal. De acordo com a CNC, essa foi a primeira redu\u00e7\u00e3o no otimismo dos varejistas brasileiros desde mar\u00e7o. Na compara\u00e7\u00e3o com agosto do ano passado, entretanto, o n\u00edvel de confian\u00e7a dos comerciantes subiu 7,8%.<img decoding=\"async\" src=\"https:\/\/agenciabrasil.ebc.com.br\/ebc.png?id=1478838&amp;o=node\" \/><img decoding=\"async\" src=\"https:\/\/agenciabrasil.ebc.com.br\/ebc.gif?id=1478838&amp;o=node\" \/><\/p>\n<p>Falando \u00e0 Ag\u00eancia Brasil, a economista da CNC, Izis Ferreira, esclareceu que essa eleva\u00e7\u00e3o do otimismo na compara\u00e7\u00e3o anual revela o efeito da retomada do fluxo de pessoas nas ruas e no com\u00e9rcio. \u201cO segundo semestre do ano passado teve uma melhora significativa na atividade do com\u00e9rcio. Mas a base ainda era muito baixa em rela\u00e7\u00e3o ao segundo semestre de 2020\u201d.<\/p>\n<p>O efeito positivo da retomada do varejo, que come\u00e7ou no segundo semestre do ano passado, veio se consolidando ao longo do ano. \u201cN\u00e3o teve piora no cen\u00e1rio de pandemia, n\u00e3o teve necessidade de novas restri\u00e7\u00f5es, a cobertura vacinal foi aumentando e, a\u00ed, o com\u00e9rcio foi sentindo esse benef\u00edcio, digamos assim, da retomada, do fluxo de pessoas nas ruas, buscando estarem mais nos espa\u00e7os comerciais e isso refletiu na compara\u00e7\u00e3o anual\u201d.<\/p>\n<h2>Riscos e incertezas<\/h2>\n<p>Na passagem de julho para agosto deste ano, entretanto, ocorreu uma modera\u00e7\u00e3o na confian\u00e7a dos varejistas causada pelo aumento dos riscos e das incertezas, tanto no Brasil como no exterior. \u201cO com\u00e9rcio sente muito isso se traduzir de v\u00e1rias formas\u201d, comentou.<\/p>\n<p>A pesquisa da CNC aponta que a avalia\u00e7\u00e3o das condi\u00e7\u00f5es atuais quanto \u00e0s expectativas para os pr\u00f3ximos meses recuaram 2,3% e 2,4%, respectivamente, em agosto. Tamb\u00e9m as perspectivas dos comerciantes para o desempenho da economia no curto prazo tiveram a maior diminui\u00e7\u00e3o entre os nove itens avaliados (-3,1%). Os varejistas apostam ainda em retra\u00e7\u00e3o de 2,8% para o desempenho atual do com\u00e9rcio, acompanhando o decl\u00ednio das vendas apontado pelo Instituto Brasileiro de Geografia e Estat\u00edstica (IBGE) em junho (-2,3%). Dos 10 segmentos avaliados no varejo ampliado, nove tiveram retra\u00e7\u00e3o, exceto as vendas de farm\u00e1cias e perfumarias, em evolu\u00edram 1,3%.<\/p>\n<h2>Perspectivas<\/h2>\n<p>A economista da CNC destacou tamb\u00e9m que o setor do com\u00e9rcio sofre os efeitos do calend\u00e1rio eleitoral em curso. \u201cHistoricamente, todo ano de elei\u00e7\u00f5es gerais tem uma modera\u00e7\u00e3o na confian\u00e7a, que vai se acentuando conforme o processo eleitoral vai acontecendo\u201d.<\/p>\n<p>Analisando os meses de agosto de anos recentes em que houve elei\u00e7\u00f5es gerais, verifica-se que dois a tr\u00eas meses antes da vota\u00e7\u00e3o, o \u00edndice de confian\u00e7a e as expectativas caem. Em agosto deste ano, por\u00e9m, as expectativas do que o comerciante espera para os seis meses \u00e0 frente foram maiores, somando 153 pontos, contra 144,9 pontos em agosto de 2018 e 142,4 pontos em agosto de 2014. \u201cO n\u00edvel de expectativas para o desempenho do com\u00e9rcio est\u00e1 um pouco acima desses meses de agosto de anos em que houve elei\u00e7\u00f5es gerais porque o governo tomou algumas medidas que, na verdade, j\u00e1 est\u00e3o dando sustenta\u00e7\u00e3o na renda das fam\u00edlias\u201d, explicou Izis Ferreira.<\/p>\n<h2>Infla\u00e7\u00e3o e endividamento<\/h2>\n<p>A economista da CNC indicou que isso ter\u00e1 um impacto positivo no com\u00e9rcio, mas ele ser\u00e1 menor devido ao cen\u00e1rio atual de infla\u00e7\u00e3o alta, principalmente para as fam\u00edlias de renda m\u00e9dia e baixa, e em itens que mais pesam no or\u00e7amento, como: alimenta\u00e7\u00e3o e despesas com sa\u00fade e habita\u00e7\u00e3o. Esses itens e despesas ainda est\u00e3o com n\u00edveis de pre\u00e7os muito elevados. \u201cA gente n\u00e3o est\u00e1 vendo os pre\u00e7os dos alimentos ca\u00edrem de forma t\u00e3o r\u00e1pida quanto a infla\u00e7\u00e3o geral\u201d.<\/p>\n<p>Segundo Izis, a redu\u00e7\u00e3o da infla\u00e7\u00e3o geral \u00e9 explicada pela queda dos pre\u00e7os dos combust\u00edveis. \u201cIsso quer dizer que \u00e9 uma infla\u00e7\u00e3o que ainda est\u00e1 desafiando o consumidor de renda m\u00e9dia e baixa. Por mais que ele esteja sendo irrigado por recursos do Aux\u00edlio Brasil, ou por mais que outros recursos tenham ajudado na renda dessas fam\u00edlias, como a pr\u00f3pria libera\u00e7\u00e3o extraordin\u00e1ria do Fundo de Garantia do Tempo de Servi\u00e7o (FGTS), a gente ainda tem esse desafio e tem um consumidor muito endividado, com mais de um tipo de d\u00edvida. Assim fica mais dif\u00edcil para ele aumentar o seu consumo diante de um cen\u00e1rio de infla\u00e7\u00e3o e endividamento elevados\u201d.<\/p>\n<p>De acordo com Izis Ferreira, o impacto das medidas de eleva\u00e7\u00e3o da renda vai ser moderado diante da conjuntura, que ainda vai desafiar os consumidores nas quest\u00f5es de infla\u00e7\u00e3o e do endividamento. Com isso, o comerciante tamb\u00e9m moderou ou reduziu sua inten\u00e7\u00e3o de investir. Ela acredita que esse cen\u00e1rio dever\u00e1 se manter nos pr\u00f3ximos dois meses, com o varejista sendo mais cauteloso, segurando um pouco a decis\u00e3o de investimento e de contrata\u00e7\u00e3o de pessoal. Por outro lado, ressaltou que no final do ano, uma vez superado o calend\u00e1rio eleitoral e influenciado por eventos como a Black Friday, a Copa do Mundo e o Natal, as expectativas comerciais podem ser revistas.<\/p>\n<h2>Regi\u00f5es<\/h2>\n<p>Em todas as regi\u00f5es brasileiras, as expectativas para o desempenho do com\u00e9rcio mostraram redu\u00e7\u00e3o em agosto. Isso aconteceu pela \u00faltima vez entre mar\u00e7o e abril de 2021, quando o pa\u00eds atravessava a segunda onda de covid-19.<\/p>\n<p>A ICEC de agosto revela que embora as expectativas dos comerciantes da Regi\u00e3o Norte apresentem o n\u00edvel mais elevado (165,8 pontos), o indicador obteve a maior queda na compara\u00e7\u00e3o regional (-3,3%). A redu\u00e7\u00e3o das expectativas dos lojistas do Norte para os pr\u00f3ximos meses foi observada mesmo sendo essa a regi\u00e3o onde se registraram os maiores valores m\u00e9dios pagos pelo Aux\u00edlio Brasil, comparativamente \u00e0s demais regi\u00f5es, segundo dados do Minist\u00e9rio da Cidadania, da ordem de R$ 445.<\/p>\n<p>A segunda maior queda das perspectivas para o com\u00e9rcio foi registrada entre os empres\u00e1rios da Regi\u00e3o Sudeste (-3%), apesar de a regi\u00e3o englobar tr\u00eas dos cinco estados com maior n\u00famero de fam\u00edlias beneficiadas pelo atual programa de transfer\u00eancia de renda (S\u00e3o Paulo, Rio de Janeiro e Minas Gerais).<\/p>\n<p><span style=\"font-weight: 400;\">Fonte: Ag\u00eancia Brasil <\/span><\/p>\n","protected":false},"excerpt":{"rendered":"<p>O \u00cdndice de Confian\u00e7a do Empres\u00e1rio do Com\u00e9rcio (ICEC) de agosto, divulgado hoje (25) pela Confedera\u00e7\u00e3o Nacional do Com\u00e9rcio de Bens, Servi\u00e7os e Turismo (CNC), alcan\u00e7ou 124 pontos, mostrando queda de 1,8% em rela\u00e7\u00e3o a julho, na compara\u00e7\u00e3o com ajuste sazonal. De acordo com a CNC, essa foi a primeira redu\u00e7\u00e3o no otimismo dos varejistas [&hellip;]<\/p>\n","protected":false},"author":246,"featured_media":203482,"comment_status":"closed","ping_status":"closed","sticky":false,"template":"","format":"standard","meta":{"footnotes":""},"categories":[436,440,261,439],"tags":[],"class_list":["post-203481","post","type-post","status-publish","format-standard","has-post-thumbnail","hentry","category-destaque-da-semana","category-destaques-do-dia","category-economia","category-ultima-hora"],"_links":{"self":[{"href":"https:\/\/diarioregionaldigital.com.br\/index.php?rest_route=\/wp\/v2\/posts\/203481","targetHints":{"allow":["GET"]}}],"collection":[{"href":"https:\/\/diarioregionaldigital.com.br\/index.php?rest_route=\/wp\/v2\/posts"}],"about":[{"href":"https:\/\/diarioregionaldigital.com.br\/index.php?rest_route=\/wp\/v2\/types\/post"}],"author":[{"embeddable":true,"href":"https:\/\/diarioregionaldigital.com.br\/index.php?rest_route=\/wp\/v2\/users\/246"}],"replies":[{"embeddable":true,"href":"https:\/\/diarioregionaldigital.com.br\/index.php?rest_route=%2Fwp%2Fv2%2Fcomments&post=203481"}],"version-history":[{"count":1,"href":"https:\/\/diarioregionaldigital.com.br\/index.php?rest_route=\/wp\/v2\/posts\/203481\/revisions"}],"predecessor-version":[{"id":203483,"href":"https:\/\/diarioregionaldigital.com.br\/index.php?rest_route=\/wp\/v2\/posts\/203481\/revisions\/203483"}],"wp:featuredmedia":[{"embeddable":true,"href":"https:\/\/diarioregionaldigital.com.br\/index.php?rest_route=\/wp\/v2\/media\/203482"}],"wp:attachment":[{"href":"https:\/\/diarioregionaldigital.com.br\/index.php?rest_route=%2Fwp%2Fv2%2Fmedia&parent=203481"}],"wp:term":[{"taxonomy":"category","embeddable":true,"href":"https:\/\/diarioregionaldigital.com.br\/index.php?rest_route=%2Fwp%2Fv2%2Fcategories&post=203481"},{"taxonomy":"post_tag","embeddable":true,"href":"https:\/\/diarioregionaldigital.com.br\/index.php?rest_route=%2Fwp%2Fv2%2Ftags&post=203481"}],"curies":[{"name":"wp","href":"https:\/\/api.w.org\/{rel}","templated":true}]}}