{"id":203476,"date":"2022-08-25T01:17:38","date_gmt":"2022-08-25T04:17:38","guid":{"rendered":"https:\/\/diarioregionaldigital.com.br\/?p=203476"},"modified":"2022-08-25T01:17:38","modified_gmt":"2022-08-25T04:17:38","slug":"palavras-comovem-testemunhos-arrastam-25-08-2022","status":"publish","type":"post","link":"https:\/\/diarioregionaldigital.com.br\/?p=203476","title":{"rendered":"Palavras Comovem Testemunhos Arrastam &#8211; 25\/08\/2022"},"content":{"rendered":"<p>Meu caro leitor \u00e9 com alegria que novamente estamos chegando at\u00e9 voc\u00ea para mais uma edi\u00e7\u00e3o de palavras comovem mas testemunhos arrastam. Bem sei de sua expectativa para ler os testemunhos aqui apresentados. Hoje teremos dois belos testemunhos vamos ao primeiro:[13\/8 16:01] testemunho para o dia 24 moca Da Ivermectina: Oi padre Erelis sua ben\u00e7\u00e3o<br \/>\nTestemunho para o dia 24 moca Da Ivermectina: O Sr pode rezar pra esse rapaz ele est\u00e1 entubado na UPA deu uma parada card\u00edaca.<br \/>\nTestemunho para o dia 24 moca Da Ivermectina: Claudio<br \/>\nPadre Erelis: Deus pai de amor e bondade digneis aben\u00e7oar o Cl\u00e1udio curando-o dessa enfermidade toca senhor com vossas m\u00e3os benditas tirando o da intuba\u00e7\u00e3o pela intercess\u00e3o de S\u00e3o Judas Tadeu.<br \/>\nTestemunho para o dia 24 moca Da Ivernectina: obrigada padre Erelis Deus aben\u00e7oe o Senhor<br \/>\nTestemunho para o dia 24 moca Da Ivermectina: Padre Erelis tenho uma ben\u00e7\u00e3o pra te contar .<br \/>\nO Carlos saiu da intuba\u00e7\u00e3o<br \/>\nTestemunho para o dia 24 moca Da Ivermectina: Gra\u00e7as a Deus<br \/>\nDeus seja louvado<br \/>\nObrigada por suas ora\u00e7\u00f5es<br \/>\nVamos agora ao segundo testemunho:<br \/>\nTestemunho para dia 24 de agosto: Boa noite padre. Preciso de sua ajuda em ora\u00e7\u00e3o para que meu marido, que foi demitido nos \u00faltimos dias, encontre outro trabalho. Falta pouco tempo para ele se aposentar e precisa de trabalho para cumprir esse prazo.<br \/>\nTestemunho para dia 24 de agosto: Agrade\u00e7o imensamente sua aten\u00e7\u00e3o e sua preciosa ajuda.<br \/>\nTestemunho para dia 24 de agosto: O nome dele \u00e9 Sebasti\u00e3o<br \/>\nTestemunho para dia 24 de agosto: Boa noite. Bom descanso<br \/>\nPadre Erelis: Deus pai de amor e de bondade digneis aben\u00e7oar esse vosso filho para que ele consiga um emprego novamente. S\u00e3o Judas Tadeu d\u00ea a ele a gra\u00e7a de um bom emprego am\u00e9m.<br \/>\nTestemunho para dia 24 de agosto: Passei aqui para agradec\u00ea-lo pelas ora\u00e7\u00f5es em favor de meu pedido.<br \/>\nTestemunho para dia 24 de agosto: Meu marido j\u00e1 est\u00e1 trabalhando novamente, gra\u00e7as a Deus<br \/>\nTestemunho para dia 24 de agosto: Muito obrigada, Padre Eirelis. Sei que sempre posso contar com o senhor. Deus lhe aben\u00e7oe<\/p>\n<p>Vejam como milagres acontecem! Convido voc\u00ea para participar da missa de S\u00e3o Judas Tadeu das causas imposs\u00edveis clamando a miseric\u00f3rdia de Jesus por sa\u00fade e liberta\u00e7\u00e3o as quartas feiras \u00e0s 19h na igreja de Santa Rita e o ter\u00e7o todos os dias \u00e0s 07h; \u00e0s 20e30 pelo YouTube; Facebook; Instagran do Santu\u00e1rio virtual S\u00e3o Judas Tadeu svsaojudastadeu e \u00e0s 22 pelo Whatzap. com deixo o n\u00famero do meu celular para me ligarem quando precisar de uma ora\u00e7\u00e3o 988652609 se eu n\u00e3o atender na hora eu retornarei assim que eu ver a liba\u00e7\u00e3o.<\/p>\n","protected":false},"excerpt":{"rendered":"<p>Meu caro leitor \u00e9 com alegria que novamente estamos chegando at\u00e9 voc\u00ea para mais uma edi\u00e7\u00e3o de palavras comovem mas testemunhos arrastam. Bem sei de sua expectativa para ler os testemunhos aqui apresentados. Hoje teremos dois belos testemunhos vamos ao primeiro:[13\/8 16:01] testemunho para o dia 24 moca Da Ivermectina: Oi padre Erelis sua ben\u00e7\u00e3o [&hellip;]<\/p>\n","protected":false},"author":96,"featured_media":0,"comment_status":"closed","ping_status":"closed","sticky":false,"template":"","format":"standard","meta":{"footnotes":""},"categories":[1245],"tags":[],"class_list":["post-203476","post","type-post","status-publish","format-standard","hentry","category-padre-erelis"],"_links":{"self":[{"href":"https:\/\/diarioregionaldigital.com.br\/index.php?rest_route=\/wp\/v2\/posts\/203476","targetHints":{"allow":["GET"]}}],"collection":[{"href":"https:\/\/diarioregionaldigital.com.br\/index.php?rest_route=\/wp\/v2\/posts"}],"about":[{"href":"https:\/\/diarioregionaldigital.com.br\/index.php?rest_route=\/wp\/v2\/types\/post"}],"author":[{"embeddable":true,"href":"https:\/\/diarioregionaldigital.com.br\/index.php?rest_route=\/wp\/v2\/users\/96"}],"replies":[{"embeddable":true,"href":"https:\/\/diarioregionaldigital.com.br\/index.php?rest_route=%2Fwp%2Fv2%2Fcomments&post=203476"}],"version-history":[{"count":1,"href":"https:\/\/diarioregionaldigital.com.br\/index.php?rest_route=\/wp\/v2\/posts\/203476\/revisions"}],"predecessor-version":[{"id":203477,"href":"https:\/\/diarioregionaldigital.com.br\/index.php?rest_route=\/wp\/v2\/posts\/203476\/revisions\/203477"}],"wp:attachment":[{"href":"https:\/\/diarioregionaldigital.com.br\/index.php?rest_route=%2Fwp%2Fv2%2Fmedia&parent=203476"}],"wp:term":[{"taxonomy":"category","embeddable":true,"href":"https:\/\/diarioregionaldigital.com.br\/index.php?rest_route=%2Fwp%2Fv2%2Fcategories&post=203476"},{"taxonomy":"post_tag","embeddable":true,"href":"https:\/\/diarioregionaldigital.com.br\/index.php?rest_route=%2Fwp%2Fv2%2Ftags&post=203476"}],"curies":[{"name":"wp","href":"https:\/\/api.w.org\/{rel}","templated":true}]}}