{"id":203474,"date":"2022-08-25T01:11:12","date_gmt":"2022-08-25T04:11:12","guid":{"rendered":"https:\/\/diarioregionaldigital.com.br\/?p=203474"},"modified":"2022-08-25T01:11:12","modified_gmt":"2022-08-25T04:11:12","slug":"prefeitura-municipal-de-descoberto-extrato-de-contrato-25-08-2022","status":"publish","type":"post","link":"https:\/\/diarioregionaldigital.com.br\/?p=203474","title":{"rendered":"Prefeitura Municipal de Descoberto &#8211; Extrato de Contrato &#8211; 25\/08\/2022"},"content":{"rendered":"<p style=\"text-align: center;\"><strong>EXTRATO DE CONTRATO<\/strong><\/p>\n<p style=\"text-align: center;\">Pref. Municipal de Descoberto x ABCJ Eventos e Loca\u00e7\u00f5es Ltda- Fundamento: Contrata\u00e7\u00e3o de empresa para fornecimento de material e instala\u00e7\u00e3o de estrutura \u00a0para a 12\u00aa Exposi\u00e7\u00e3o Agropecu\u00e1ria e Industrial de Descoberto &#8211; Preg\u00e3o \u00a0n\u00ba 021\/2022 \u2013 Valor Global: 156.133,00 \u2013 Vig\u00eancia: 06 meses \u2013 Dot or\u00e7: 02.02006.20.606.0014.216-339039\/100- Ass: 25\/08\/2022- Foro: S\u00e3o Jo\u00e3o Nepomuceno\/MG.<\/p>\n<p style=\"text-align: center;\"><strong>Marcos de Ara\u00fajo Lima<\/strong><\/p>\n<p style=\"text-align: center;\"><strong>Prefeito Municipal<\/strong><\/p>\n","protected":false},"excerpt":{"rendered":"<p>EXTRATO DE CONTRATO Pref. Municipal de Descoberto x ABCJ Eventos e Loca\u00e7\u00f5es Ltda- Fundamento: Contrata\u00e7\u00e3o de empresa para fornecimento de material e instala\u00e7\u00e3o de estrutura \u00a0para a 12\u00aa Exposi\u00e7\u00e3o Agropecu\u00e1ria e Industrial de Descoberto &#8211; Preg\u00e3o \u00a0n\u00ba 021\/2022 \u2013 Valor Global: 156.133,00 \u2013 Vig\u00eancia: 06 meses \u2013 Dot or\u00e7: 02.02006.20.606.0014.216-339039\/100- Ass: 25\/08\/2022- Foro: S\u00e3o Jo\u00e3o [&hellip;]<\/p>\n","protected":false},"author":96,"featured_media":0,"comment_status":"closed","ping_status":"closed","sticky":false,"template":"","format":"standard","meta":{"footnotes":""},"categories":[307],"tags":[],"class_list":["post-203474","post","type-post","status-publish","format-standard","hentry","category-editais"],"_links":{"self":[{"href":"https:\/\/diarioregionaldigital.com.br\/index.php?rest_route=\/wp\/v2\/posts\/203474","targetHints":{"allow":["GET"]}}],"collection":[{"href":"https:\/\/diarioregionaldigital.com.br\/index.php?rest_route=\/wp\/v2\/posts"}],"about":[{"href":"https:\/\/diarioregionaldigital.com.br\/index.php?rest_route=\/wp\/v2\/types\/post"}],"author":[{"embeddable":true,"href":"https:\/\/diarioregionaldigital.com.br\/index.php?rest_route=\/wp\/v2\/users\/96"}],"replies":[{"embeddable":true,"href":"https:\/\/diarioregionaldigital.com.br\/index.php?rest_route=%2Fwp%2Fv2%2Fcomments&post=203474"}],"version-history":[{"count":1,"href":"https:\/\/diarioregionaldigital.com.br\/index.php?rest_route=\/wp\/v2\/posts\/203474\/revisions"}],"predecessor-version":[{"id":203475,"href":"https:\/\/diarioregionaldigital.com.br\/index.php?rest_route=\/wp\/v2\/posts\/203474\/revisions\/203475"}],"wp:attachment":[{"href":"https:\/\/diarioregionaldigital.com.br\/index.php?rest_route=%2Fwp%2Fv2%2Fmedia&parent=203474"}],"wp:term":[{"taxonomy":"category","embeddable":true,"href":"https:\/\/diarioregionaldigital.com.br\/index.php?rest_route=%2Fwp%2Fv2%2Fcategories&post=203474"},{"taxonomy":"post_tag","embeddable":true,"href":"https:\/\/diarioregionaldigital.com.br\/index.php?rest_route=%2Fwp%2Fv2%2Ftags&post=203474"}],"curies":[{"name":"wp","href":"https:\/\/api.w.org\/{rel}","templated":true}]}}