{"id":203469,"date":"2022-08-24T22:44:12","date_gmt":"2022-08-25T01:44:12","guid":{"rendered":"https:\/\/diarioregionaldigital.com.br\/?p=203469"},"modified":"2022-08-24T22:44:12","modified_gmt":"2022-08-25T01:44:12","slug":"pjf-da-sequencia-as-podas-de-arvores-na-av-brasil","status":"publish","type":"post","link":"https:\/\/diarioregionaldigital.com.br\/?p=203469","title":{"rendered":"PJF d\u00e1 sequ\u00eancia \u00e0s podas de \u00e1rvores na Av. Brasil"},"content":{"rendered":"<p>Segundo informa\u00e7\u00f5es do site da Prefeitura de Juiz de Fora (PJF), boniteza \u00e9 enaltecer cada vez mais as belezas naturais de Juiz de Fora. Nesta quarta-feira, 24, as equipes da Prefeitura de Juiz de Fora (PJF) estiveram na Av. Brasil para dar sequ\u00eancia \u00e0s podas de \u00e1rvores.<\/p>\n<p>O servi\u00e7o teve in\u00edcio neste m\u00eas de agosto e ser\u00e1 realizado em toda a extens\u00e3o da via, mas quem passa pela avenida j\u00e1 consegue notar a diferen\u00e7a. As podas s\u00e3o necess\u00e1rias para evitar acidentes com queda de galhos e troncos, e melhorar a visibilidade no local.<br \/>\n<strong>Zeladoria segue em pra\u00e7as e logradouros<\/strong><\/p>\n<p>Ainda nesta quarta-feira, 24, as equipes da Empresa Municipal de Pavimenta\u00e7\u00e3o e Urbanidades (Empav) estiveram em diversos bairros da cidade com servi\u00e7os de poda de grama, limpeza e poda de \u00e1rvore. Ao todo, foram oito pra\u00e7as, cinco campinhos de futebol e tr\u00eas escad\u00f5es atendidos, al\u00e9m de vias e canteiros.<\/p>\n<p><strong>Veja abaixo a lista completa de bairros atendidos:<\/strong><br \/>\nBarbosa Lage<\/p>\n<p>Benfica<\/p>\n<p>S\u00e3o Pedro<\/p>\n<p>Parque das \u00c1guas<\/p>\n<p>Francisco Bernardino<\/p>\n<p>J\u00f3quei Clube I<\/p>\n<p>Po\u00e7o Rico<\/p>\n<p>S\u00e3o Sebasti\u00e3o<\/p>\n<p>Marumbi<\/p>\n<p>Eldorado<\/p>\n<p>Pirapetinga<\/p>\n<p>Retiro<\/p>\n<p>Bonfim<\/p>\n<p>Vila Ideal<\/p>\n<p>Santa Efig\u00eania<\/p>\n<p>Jardim Gl\u00f3ria<\/p>\n<p>Nova Era<\/p>\n<p>Cidade do Sol<\/p>\n<p>Costa Carvalho<\/p>\n<p>Jardim do Sol<\/p>\n<p>Santa Rita de C\u00e1ssia<\/p>\n<p>Manoel Hon\u00f3rio<\/p>\n<p>&nbsp;<\/p>\n<p>Os trabalhos seguem em andamento em v\u00e1rios pontos da cidade e a programa\u00e7\u00e3o completa das atividades realizadas pela Empav pode ser acompanhada diariamente atrav\u00e9s da p\u00e1gina do Gabinete de A\u00e7\u00e3o e Di\u00e1logo Comunit\u00e1rio, pelo<a href=\"https:\/\/www.pjf.mg.gov.br\/gabinetecomunitario\/#onde\">\u00a0<strong>link<\/strong><\/a>.<\/p>\n<p>Todas as a\u00e7\u00f5es de reestrutura\u00e7\u00e3o, urbaniza\u00e7\u00e3o e zeladoria realizadas pela Empresa Municipal de Pavimenta\u00e7\u00e3o e Urbanidades (Empav) fazem parte do Programa Boniteza. Estes e outros servi\u00e7os podem ser solicitados atrav\u00e9s do Gabinete de A\u00e7\u00e3o e Di\u00e1logo Comunit\u00e1rio, que recebe e organiza pedidos relativos a interven\u00e7\u00f5es e melhorias urbanas. O contato pode ser feito por liga\u00e7\u00e3o telef\u00f4nica, pelo n\u00famero (32) 3690-7241 ou, ainda, via WhatsApp, utilizando o mesmo n\u00famero.<\/p>\n","protected":false},"excerpt":{"rendered":"<p>Segundo informa\u00e7\u00f5es do site da Prefeitura de Juiz de Fora (PJF), boniteza \u00e9 enaltecer cada vez mais as belezas naturais de Juiz de Fora. Nesta quarta-feira, 24, as equipes da Prefeitura de Juiz de Fora (PJF) estiveram na Av. Brasil para dar sequ\u00eancia \u00e0s podas de \u00e1rvores. O servi\u00e7o teve in\u00edcio neste m\u00eas de agosto [&hellip;]<\/p>\n","protected":false},"author":246,"featured_media":203470,"comment_status":"closed","ping_status":"closed","sticky":false,"template":"","format":"standard","meta":{"footnotes":""},"categories":[253,436,439],"tags":[],"class_list":["post-203469","post","type-post","status-publish","format-standard","has-post-thumbnail","hentry","category-cidade","category-destaque-da-semana","category-ultima-hora"],"_links":{"self":[{"href":"https:\/\/diarioregionaldigital.com.br\/index.php?rest_route=\/wp\/v2\/posts\/203469","targetHints":{"allow":["GET"]}}],"collection":[{"href":"https:\/\/diarioregionaldigital.com.br\/index.php?rest_route=\/wp\/v2\/posts"}],"about":[{"href":"https:\/\/diarioregionaldigital.com.br\/index.php?rest_route=\/wp\/v2\/types\/post"}],"author":[{"embeddable":true,"href":"https:\/\/diarioregionaldigital.com.br\/index.php?rest_route=\/wp\/v2\/users\/246"}],"replies":[{"embeddable":true,"href":"https:\/\/diarioregionaldigital.com.br\/index.php?rest_route=%2Fwp%2Fv2%2Fcomments&post=203469"}],"version-history":[{"count":1,"href":"https:\/\/diarioregionaldigital.com.br\/index.php?rest_route=\/wp\/v2\/posts\/203469\/revisions"}],"predecessor-version":[{"id":203471,"href":"https:\/\/diarioregionaldigital.com.br\/index.php?rest_route=\/wp\/v2\/posts\/203469\/revisions\/203471"}],"wp:featuredmedia":[{"embeddable":true,"href":"https:\/\/diarioregionaldigital.com.br\/index.php?rest_route=\/wp\/v2\/media\/203470"}],"wp:attachment":[{"href":"https:\/\/diarioregionaldigital.com.br\/index.php?rest_route=%2Fwp%2Fv2%2Fmedia&parent=203469"}],"wp:term":[{"taxonomy":"category","embeddable":true,"href":"https:\/\/diarioregionaldigital.com.br\/index.php?rest_route=%2Fwp%2Fv2%2Fcategories&post=203469"},{"taxonomy":"post_tag","embeddable":true,"href":"https:\/\/diarioregionaldigital.com.br\/index.php?rest_route=%2Fwp%2Fv2%2Ftags&post=203469"}],"curies":[{"name":"wp","href":"https:\/\/api.w.org\/{rel}","templated":true}]}}