{"id":203466,"date":"2022-08-24T22:41:51","date_gmt":"2022-08-25T01:41:51","guid":{"rendered":"https:\/\/diarioregionaldigital.com.br\/?p=203466"},"modified":"2022-08-24T22:41:51","modified_gmt":"2022-08-25T01:41:51","slug":"danos-estruturais-ao-predio-historico-dos-grupos-centrais-levam-a-retirada-de-traffic-calming","status":"publish","type":"post","link":"https:\/\/diarioregionaldigital.com.br\/?p=203466","title":{"rendered":"Danos estruturais ao pr\u00e9dio hist\u00f3rico dos Grupos Centrais levam a retirada de traffic calming"},"content":{"rendered":"<p>Segundo informa\u00e7\u00f5es do site da Prefeitura de Juiz de Fora (PJF), a\u00a0travessia elevada de pedestres, conhecida como traffic calming, das tr\u00eas pistas da Avenida Rio Branco em frente ao n\u00famero 2.437, pr\u00f3ximo \u00e0s ruas Braz Bernardino e Fernando Lobo, no Centro, ser\u00e1 removida por solicita\u00e7\u00e3o do Governo de Minas Gerais devido a danos estruturais no im\u00f3vel \u201cPalacete Santa Mafalda\u201d, que por muitos anos abrigou os Grupos Centrais (E.E. Delfim Moreira) e \u00e9 bem hist\u00f3rico tombado da cidade. O pedido foi baseado em um laudo t\u00e9cnico onde \u00e9 informado que trincas no pr\u00e9dio s\u00e3o decorrentes de vibra\u00e7\u00f5es ocasionadas pela passagem de ve\u00edculos na travessia elevada de pedestres.<br \/>\nA retirada do equipamento ser\u00e1 iniciada no pr\u00f3ximo s\u00e1bado, 27, na pista lateral no sentido Bom Pastor\/Centro. Haver\u00e1 interdi\u00e7\u00e3o parcial do local a partir de 14h. No s\u00e1bado seguinte, 3 de setembro, a remo\u00e7\u00e3o ser\u00e1 na pista de carros no sentido Centro\/Bom Pastor. E no dia 10 de setembro, ser\u00e1 conclu\u00edda a retirada do equipamento na pista dos \u00f4nibus. Ap\u00f3s a conclus\u00e3o dos trabalhos, a Secretaria de Mobilidade Urbana (SMU) vai refazer a sinaliza\u00e7\u00e3o horizontal e vertical da travessia.<br \/>\n<strong>Palacete Santa Mafalda<\/strong><br \/>\nPatrim\u00f4nio hist\u00f3rico de Juiz de Fora, o im\u00f3vel foi constru\u00eddo no final da d\u00e9cada de 1860 pelo comendador Manoel do Valle Amado.\u00a0Em 1907 o pr\u00e9dio foi ocupado pelo primeiro grupo escolar de Minas Gerais. O imponente edif\u00edcio ergue-se em dois pavimentos. Al\u00e9m das fachadas e volumetria est\u00e3o tombados o hall da escola e a escada de madeira.<\/p>\n","protected":false},"excerpt":{"rendered":"<p>Segundo informa\u00e7\u00f5es do site da Prefeitura de Juiz de Fora (PJF), a\u00a0travessia elevada de pedestres, conhecida como traffic calming, das tr\u00eas pistas da Avenida Rio Branco em frente ao n\u00famero 2.437, pr\u00f3ximo \u00e0s ruas Braz Bernardino e Fernando Lobo, no Centro, ser\u00e1 removida por solicita\u00e7\u00e3o do Governo de Minas Gerais devido a danos estruturais no [&hellip;]<\/p>\n","protected":false},"author":246,"featured_media":203467,"comment_status":"closed","ping_status":"closed","sticky":false,"template":"","format":"standard","meta":{"footnotes":""},"categories":[253,436,439],"tags":[],"class_list":["post-203466","post","type-post","status-publish","format-standard","has-post-thumbnail","hentry","category-cidade","category-destaque-da-semana","category-ultima-hora"],"_links":{"self":[{"href":"https:\/\/diarioregionaldigital.com.br\/index.php?rest_route=\/wp\/v2\/posts\/203466","targetHints":{"allow":["GET"]}}],"collection":[{"href":"https:\/\/diarioregionaldigital.com.br\/index.php?rest_route=\/wp\/v2\/posts"}],"about":[{"href":"https:\/\/diarioregionaldigital.com.br\/index.php?rest_route=\/wp\/v2\/types\/post"}],"author":[{"embeddable":true,"href":"https:\/\/diarioregionaldigital.com.br\/index.php?rest_route=\/wp\/v2\/users\/246"}],"replies":[{"embeddable":true,"href":"https:\/\/diarioregionaldigital.com.br\/index.php?rest_route=%2Fwp%2Fv2%2Fcomments&post=203466"}],"version-history":[{"count":1,"href":"https:\/\/diarioregionaldigital.com.br\/index.php?rest_route=\/wp\/v2\/posts\/203466\/revisions"}],"predecessor-version":[{"id":203468,"href":"https:\/\/diarioregionaldigital.com.br\/index.php?rest_route=\/wp\/v2\/posts\/203466\/revisions\/203468"}],"wp:featuredmedia":[{"embeddable":true,"href":"https:\/\/diarioregionaldigital.com.br\/index.php?rest_route=\/wp\/v2\/media\/203467"}],"wp:attachment":[{"href":"https:\/\/diarioregionaldigital.com.br\/index.php?rest_route=%2Fwp%2Fv2%2Fmedia&parent=203466"}],"wp:term":[{"taxonomy":"category","embeddable":true,"href":"https:\/\/diarioregionaldigital.com.br\/index.php?rest_route=%2Fwp%2Fv2%2Fcategories&post=203466"},{"taxonomy":"post_tag","embeddable":true,"href":"https:\/\/diarioregionaldigital.com.br\/index.php?rest_route=%2Fwp%2Fv2%2Ftags&post=203466"}],"curies":[{"name":"wp","href":"https:\/\/api.w.org\/{rel}","templated":true}]}}