{"id":203463,"date":"2022-08-24T22:39:34","date_gmt":"2022-08-25T01:39:34","guid":{"rendered":"https:\/\/diarioregionaldigital.com.br\/?p=203463"},"modified":"2022-08-24T22:39:34","modified_gmt":"2022-08-25T01:39:34","slug":"primeiro-musical-produzido-em-jf-estreia-no-paschoal-com-entrada-franca","status":"publish","type":"post","link":"https:\/\/diarioregionaldigital.com.br\/?p=203463","title":{"rendered":"Primeiro musical produzido em JF estreia no Paschoal, com entrada franca"},"content":{"rendered":"<p>Segundo informa\u00e7\u00f5es do site da Prefeitura de Juiz de Fora (PJF), o\u00a0Teatro Paschoal Carlos Magno, localizado na Rua Gilberto de Alencar, em frente \u00e0 Igreja S\u00e3o Sebasti\u00e3o \u2013 Centro, ser\u00e1 o palco de estreia do primeiro musical inteiramente produzido em Juiz de Fora. \u201cGodspell\u201d \u00e9 o resultado do projeto \u201cEu t\u00f4 no Teatro Musical\u201d, idealizado por Ana Paula Neves e financiado pelo Edital \u201cMuril\u00e3o\u201d, do Programa Cultural Murilo Mendes, mantido pela Prefeitura de Juiz de Fora (PJF). Depois de cinco meses de ensaio, o espet\u00e1culo finalmente chegar\u00e1 ao p\u00fablico em tr\u00eas sess\u00f5es gratuitas.<\/p>\n<p>Na sexta-feira, 26, \u00e0s 20h, o p\u00fablico preferencial s\u00e3o estudantes das redes p\u00fablicas de ensino, servidores da Funda\u00e7\u00e3o Cultural Alfredo Ferreira Lage (Funalfa) e integrantes do Programa Gente em Primeiro Lugar. J\u00e1 no s\u00e1bado e domingo, 27 e 28, no mesmo hor\u00e1rio, as apresenta\u00e7\u00f5es ser\u00e3o abertas para todas as pessoas interessadas. Tamb\u00e9m est\u00e1 programada uma sess\u00e3o especial, com entrada franca, na sexta-feira, 26, \u00e0s 16h, com apresenta\u00e7\u00e3o de esquetes de grandes musicais. N\u00e3o \u00e9 necess\u00e1rio retirar convites com anteced\u00eancia para nenhuma das sess\u00f5es.<\/p>\n<p>\u201cGodspell\u201d estreou em maio de 1971, na Broadway, em Nova York, e ganhou in\u00fameras montagens em diferentes partes do mundo. O espet\u00e1culo juiz-forano re\u00fane 27 artistas, que passaram por aulas te\u00f3ricas e oficinas viabilizadas com o incentivo do edital \u201cMuril\u00e3o\u201d. Conforme Ana Paula, que tamb\u00e9m atuou como professora de dan\u00e7a, \u201cmuitos ainda desconhecem o fato de que o Brasil \u00e9 o terceiro maior produtor mundial de teatro musical. Nossas produ\u00e7\u00f5es ficam atr\u00e1s somente dos espet\u00e1culos realizados nos Estados Unidos e na Inglaterra\u201d.<\/p>\n<p>A\u00a0prepara\u00e7\u00e3o dos participantes reuniu um\u00a0grupo de sete profissionais altamente gabaritados, que est\u00e1 colocando Juiz de Fora em posi\u00e7\u00e3o de destaque nacional dentro desse cen\u00e1rio. Integram a equipe:<\/p>\n<p>* Ana Paula Neves &#8211; Idealiza\u00e7\u00e3o e coordena\u00e7\u00e3o de projeto | Dire\u00e7\u00e3o de Produ\u00e7\u00e3o | Professora de dan\u00e7a<\/p>\n<p>* Vin\u00edcius Crist\u00f3v\u00e3o \u2013 Professor de Interpreta\u00e7\u00e3o<\/p>\n<p>* Nanna Vasconcellos \u2013 Coreografias | Aulas de Sapateado<\/p>\n<p>* Andressa Trist\u00e3o \u2013 Produ\u00e7\u00e3o Executiva<\/p>\n<p>* Jovelina N\u00f3brega de Oliveira Neves \u2013 Prepara\u00e7\u00e3o Vocal | Aulas de Canto<\/p>\n<p>* Paulo Murilo da Costa Neves \u2013 Dire\u00e7\u00e3o Musical<\/p>\n","protected":false},"excerpt":{"rendered":"<p>Segundo informa\u00e7\u00f5es do site da Prefeitura de Juiz de Fora (PJF), o\u00a0Teatro Paschoal Carlos Magno, localizado na Rua Gilberto de Alencar, em frente \u00e0 Igreja S\u00e3o Sebasti\u00e3o \u2013 Centro, ser\u00e1 o palco de estreia do primeiro musical inteiramente produzido em Juiz de Fora. \u201cGodspell\u201d \u00e9 o resultado do projeto \u201cEu t\u00f4 no Teatro Musical\u201d, idealizado [&hellip;]<\/p>\n","protected":false},"author":246,"featured_media":203464,"comment_status":"closed","ping_status":"closed","sticky":false,"template":"","format":"standard","meta":{"footnotes":""},"categories":[253,436,439],"tags":[],"class_list":["post-203463","post","type-post","status-publish","format-standard","has-post-thumbnail","hentry","category-cidade","category-destaque-da-semana","category-ultima-hora"],"_links":{"self":[{"href":"https:\/\/diarioregionaldigital.com.br\/index.php?rest_route=\/wp\/v2\/posts\/203463","targetHints":{"allow":["GET"]}}],"collection":[{"href":"https:\/\/diarioregionaldigital.com.br\/index.php?rest_route=\/wp\/v2\/posts"}],"about":[{"href":"https:\/\/diarioregionaldigital.com.br\/index.php?rest_route=\/wp\/v2\/types\/post"}],"author":[{"embeddable":true,"href":"https:\/\/diarioregionaldigital.com.br\/index.php?rest_route=\/wp\/v2\/users\/246"}],"replies":[{"embeddable":true,"href":"https:\/\/diarioregionaldigital.com.br\/index.php?rest_route=%2Fwp%2Fv2%2Fcomments&post=203463"}],"version-history":[{"count":1,"href":"https:\/\/diarioregionaldigital.com.br\/index.php?rest_route=\/wp\/v2\/posts\/203463\/revisions"}],"predecessor-version":[{"id":203465,"href":"https:\/\/diarioregionaldigital.com.br\/index.php?rest_route=\/wp\/v2\/posts\/203463\/revisions\/203465"}],"wp:featuredmedia":[{"embeddable":true,"href":"https:\/\/diarioregionaldigital.com.br\/index.php?rest_route=\/wp\/v2\/media\/203464"}],"wp:attachment":[{"href":"https:\/\/diarioregionaldigital.com.br\/index.php?rest_route=%2Fwp%2Fv2%2Fmedia&parent=203463"}],"wp:term":[{"taxonomy":"category","embeddable":true,"href":"https:\/\/diarioregionaldigital.com.br\/index.php?rest_route=%2Fwp%2Fv2%2Fcategories&post=203463"},{"taxonomy":"post_tag","embeddable":true,"href":"https:\/\/diarioregionaldigital.com.br\/index.php?rest_route=%2Fwp%2Fv2%2Ftags&post=203463"}],"curies":[{"name":"wp","href":"https:\/\/api.w.org\/{rel}","templated":true}]}}