{"id":203460,"date":"2022-08-24T22:37:44","date_gmt":"2022-08-25T01:37:44","guid":{"rendered":"https:\/\/diarioregionaldigital.com.br\/?p=203460"},"modified":"2022-08-24T22:37:44","modified_gmt":"2022-08-25T01:37:44","slug":"pjf-participa-da-maior-feira-das-americas-para-a-industria-textil","status":"publish","type":"post","link":"https:\/\/diarioregionaldigital.com.br\/?p=203460","title":{"rendered":"PJF participa da maior feira das Am\u00e9ricas para a ind\u00fastria t\u00eaxtil"},"content":{"rendered":"<p>Segundo informa\u00e7\u00f5es do site da Prefeitura de Juiz de Fora (PJF), representantes da Prefeitura de Juiz de Fora (PJF), Sebrae Minas e empres\u00e1rios da cidade representam Juiz de Fora na Feira Brasileira para a Ind\u00fastria T\u00eaxtil e de Confec\u00e7\u00e3o (Febratex), que acontece de 23 a 26 de agosto, em Blumenau, Santa Catarina. A maior feira das Am\u00e9ricas e uma das maiores do mundo para a ind\u00fastria t\u00eaxtil recebe mais de 400 expositores de cerca de 60 pa\u00edses, apresentando solu\u00e7\u00f5es exclusivas e inovadores para o segmento. Al\u00e9m disso, a programa\u00e7\u00e3o conta com a Confer\u00eancia Febratex, com tr\u00eas dias de palestras com conte\u00fado dos expositores do evento.<\/p>\n<p>Participam da Febratex, em miss\u00e3o organizada pelo Sebrae Minas, o secret\u00e1rio de Desenvolvimento Sustent\u00e1vel e Inclusivo, da Inova\u00e7\u00e3o e Competitividade (Sedic), Ignacio Delgado, e a assessora da Sedic, Adriana Freitas, junto a 14 empres\u00e1rios do setor t\u00eaxtil de Juiz de Fora e Regi\u00e3o. Entre os objetivos est\u00e1 estabelecer contatos com importadores, grupos de articula\u00e7\u00e3o em tecnologia e inova\u00e7\u00e3o, al\u00e9m de ter vis\u00e3o geral do que h\u00e1 de mais avan\u00e7ado na \u00e1rea.<\/p>\n<p>Na manh\u00e3 desta quarta-feira, 24, a comitiva realizou visita a um dos maiores importadores de m\u00e1quinas de costura do Brasil, a Weltec, em companhia da empresa juiz-forana Shopping da Costura. Nesta edi\u00e7\u00e3o, v\u00e1rias empresas apresentam solu\u00e7\u00f5es, como, por exemplo, bermuda de fibras feitas a partir do caule da banana e a bolsa de p\u00ealo de pet, desenvolvidas pelo Senai Cetiqt. \u201cEstamos preparando uma miss\u00e3o com a UFJF, IF Sudeste e empres\u00e1rios da cidade para conhecer esse trabalho\u201d, afirma Ignacio. \u201cConversamos com empresas de outros pa\u00edses, como a Citeve, de Portugal. E outras brasileiras, como a Imatec, uma das poucas de equipamentos para a ind\u00fastria de confec\u00e7\u00f5es\u201d, explica o secret\u00e1rio.<\/p>\n<p><a href=\"https:\/\/febratex.com.br\/\"><strong>Confira a programa\u00e7\u00e3o da Febratex<\/strong><\/a><\/p>\n","protected":false},"excerpt":{"rendered":"<p>Segundo informa\u00e7\u00f5es do site da Prefeitura de Juiz de Fora (PJF), representantes da Prefeitura de Juiz de Fora (PJF), Sebrae Minas e empres\u00e1rios da cidade representam Juiz de Fora na Feira Brasileira para a Ind\u00fastria T\u00eaxtil e de Confec\u00e7\u00e3o (Febratex), que acontece de 23 a 26 de agosto, em Blumenau, Santa Catarina. A maior feira [&hellip;]<\/p>\n","protected":false},"author":246,"featured_media":203461,"comment_status":"closed","ping_status":"closed","sticky":false,"template":"","format":"standard","meta":{"footnotes":""},"categories":[253,436,440,439],"tags":[],"class_list":["post-203460","post","type-post","status-publish","format-standard","has-post-thumbnail","hentry","category-cidade","category-destaque-da-semana","category-destaques-do-dia","category-ultima-hora"],"_links":{"self":[{"href":"https:\/\/diarioregionaldigital.com.br\/index.php?rest_route=\/wp\/v2\/posts\/203460","targetHints":{"allow":["GET"]}}],"collection":[{"href":"https:\/\/diarioregionaldigital.com.br\/index.php?rest_route=\/wp\/v2\/posts"}],"about":[{"href":"https:\/\/diarioregionaldigital.com.br\/index.php?rest_route=\/wp\/v2\/types\/post"}],"author":[{"embeddable":true,"href":"https:\/\/diarioregionaldigital.com.br\/index.php?rest_route=\/wp\/v2\/users\/246"}],"replies":[{"embeddable":true,"href":"https:\/\/diarioregionaldigital.com.br\/index.php?rest_route=%2Fwp%2Fv2%2Fcomments&post=203460"}],"version-history":[{"count":1,"href":"https:\/\/diarioregionaldigital.com.br\/index.php?rest_route=\/wp\/v2\/posts\/203460\/revisions"}],"predecessor-version":[{"id":203462,"href":"https:\/\/diarioregionaldigital.com.br\/index.php?rest_route=\/wp\/v2\/posts\/203460\/revisions\/203462"}],"wp:featuredmedia":[{"embeddable":true,"href":"https:\/\/diarioregionaldigital.com.br\/index.php?rest_route=\/wp\/v2\/media\/203461"}],"wp:attachment":[{"href":"https:\/\/diarioregionaldigital.com.br\/index.php?rest_route=%2Fwp%2Fv2%2Fmedia&parent=203460"}],"wp:term":[{"taxonomy":"category","embeddable":true,"href":"https:\/\/diarioregionaldigital.com.br\/index.php?rest_route=%2Fwp%2Fv2%2Fcategories&post=203460"},{"taxonomy":"post_tag","embeddable":true,"href":"https:\/\/diarioregionaldigital.com.br\/index.php?rest_route=%2Fwp%2Fv2%2Ftags&post=203460"}],"curies":[{"name":"wp","href":"https:\/\/api.w.org\/{rel}","templated":true}]}}