{"id":203456,"date":"2022-08-24T22:30:43","date_gmt":"2022-08-25T01:30:43","guid":{"rendered":"https:\/\/diarioregionaldigital.com.br\/?p=203456"},"modified":"2022-08-24T22:30:43","modified_gmt":"2022-08-25T01:30:43","slug":"vitor-tavares-e-bronze-no-internacional-de-badminton-paralimpico-da-tailandia","status":"publish","type":"post","link":"https:\/\/diarioregionaldigital.com.br\/?p=203456","title":{"rendered":"Vitor Tavares \u00e9 bronze no Internacional de badminton paral\u00edmpico da Tail\u00e2ndia"},"content":{"rendered":"<p>O paranaense Vitor Tavares, \u00fanico representante brasileiro no badminton nos Jogos Paral\u00edmpicos de T\u00f3quio 2020 e quarto colocado na competi\u00e7\u00e3o, conquistou a medalha de bronze no Internacional da modalidade, disputado na Tail\u00e2ndia, na \u00faltima sexta-feira, 19.08.<\/p>\n<p>Ap\u00f3s liderar o grupo na primeira fase, Vitor, da classe SH6 (atletas de baixa estatura), derrotou o indiano Sivarajan Solaimalai por 2 sets a 0 (parciais (21\/18 e 23\/21) nas quartas de final.<\/p>\n<p>Na semifinal, o curitibano foi superado pelo franc\u00eas Charles Noakes, pelos mesmos 2 sets a 0 (21\/15 e 21\/12). Como n\u00e3o houve disputa pelo terceiro lugar, o brasileiro ficou com o bronze, assim como o ingl\u00eas Krysten Coombs. O brit\u00e2nico, inclusive, tamb\u00e9m conquistou o bronze nos Jogos de T\u00f3quio, ao derrotar o pr\u00f3prio Vitor no duelo pela terceira posi\u00e7\u00e3o do megaevento.<\/p>\n<p>O ouro ficou com o chin\u00eas Man Kai Chu, que, na decis\u00e3o, derrotou o medalhista de prata Charles Noakes por 2 sets a 0 (23\/21 e 21\/15). Outro brasileiro na competi\u00e7\u00e3o, Marcelo Concei\u00e7\u00e3o, classe WH1 (cadeirantes), perdeu as duas partidas na primeira fase e n\u00e3o avan\u00e7ou aos playoffs.<\/p>\n<p>Esta \u00e9 a quinta medalha de Vitor Tavares em uma etapa do Internacional da modalidade neste ano. No Centro de Treinamento Paral\u00edmpico, em S\u00e3o Paulo, o paranaense foi ouro. J\u00e1 em Ottawa, no Canad\u00e1, e em Vit\u00f3ria, na Espanha, ele ficou com a prata. Em Dublin, na Irlanda, o brasileiro faturou o bronze.<\/p>\n<p>Fonte: Comit\u00ea Paral\u00edmpico Brasileiro (CPB)<\/p>\n","protected":false},"excerpt":{"rendered":"<p>O paranaense Vitor Tavares, \u00fanico representante brasileiro no badminton nos Jogos Paral\u00edmpicos de T\u00f3quio 2020 e quarto colocado na competi\u00e7\u00e3o, conquistou a medalha de bronze no Internacional da modalidade, disputado na Tail\u00e2ndia, na \u00faltima sexta-feira, 19.08. Ap\u00f3s liderar o grupo na primeira fase, Vitor, da classe SH6 (atletas de baixa estatura), derrotou o indiano Sivarajan [&hellip;]<\/p>\n","protected":false},"author":246,"featured_media":203457,"comment_status":"closed","ping_status":"closed","sticky":false,"template":"","format":"standard","meta":{"footnotes":""},"categories":[436,257,439],"tags":[],"class_list":["post-203456","post","type-post","status-publish","format-standard","has-post-thumbnail","hentry","category-destaque-da-semana","category-esporte","category-ultima-hora"],"_links":{"self":[{"href":"https:\/\/diarioregionaldigital.com.br\/index.php?rest_route=\/wp\/v2\/posts\/203456","targetHints":{"allow":["GET"]}}],"collection":[{"href":"https:\/\/diarioregionaldigital.com.br\/index.php?rest_route=\/wp\/v2\/posts"}],"about":[{"href":"https:\/\/diarioregionaldigital.com.br\/index.php?rest_route=\/wp\/v2\/types\/post"}],"author":[{"embeddable":true,"href":"https:\/\/diarioregionaldigital.com.br\/index.php?rest_route=\/wp\/v2\/users\/246"}],"replies":[{"embeddable":true,"href":"https:\/\/diarioregionaldigital.com.br\/index.php?rest_route=%2Fwp%2Fv2%2Fcomments&post=203456"}],"version-history":[{"count":2,"href":"https:\/\/diarioregionaldigital.com.br\/index.php?rest_route=\/wp\/v2\/posts\/203456\/revisions"}],"predecessor-version":[{"id":203459,"href":"https:\/\/diarioregionaldigital.com.br\/index.php?rest_route=\/wp\/v2\/posts\/203456\/revisions\/203459"}],"wp:featuredmedia":[{"embeddable":true,"href":"https:\/\/diarioregionaldigital.com.br\/index.php?rest_route=\/wp\/v2\/media\/203457"}],"wp:attachment":[{"href":"https:\/\/diarioregionaldigital.com.br\/index.php?rest_route=%2Fwp%2Fv2%2Fmedia&parent=203456"}],"wp:term":[{"taxonomy":"category","embeddable":true,"href":"https:\/\/diarioregionaldigital.com.br\/index.php?rest_route=%2Fwp%2Fv2%2Fcategories&post=203456"},{"taxonomy":"post_tag","embeddable":true,"href":"https:\/\/diarioregionaldigital.com.br\/index.php?rest_route=%2Fwp%2Fv2%2Ftags&post=203456"}],"curies":[{"name":"wp","href":"https:\/\/api.w.org\/{rel}","templated":true}]}}