{"id":203453,"date":"2022-08-24T22:28:43","date_gmt":"2022-08-25T01:28:43","guid":{"rendered":"https:\/\/diarioregionaldigital.com.br\/?p=203453"},"modified":"2022-08-24T22:28:43","modified_gmt":"2022-08-25T01:28:43","slug":"apos-impasse-cbf-confirma-realizacao-da-copa-verde-este-ano","status":"publish","type":"post","link":"https:\/\/diarioregionaldigital.com.br\/?p=203453","title":{"rendered":"Ap\u00f3s impasse, CBF confirma realiza\u00e7\u00e3o da Copa Verde este ano"},"content":{"rendered":"<p>A Copa Verde de 2022 vai de fato ocorrer este ano. A CBF confirmou a realiza\u00e7\u00e3o do torneio na noite de ontem, ter\u00e7a-feira (23), ap\u00f3s reuni\u00e3o de Ednaldo Rodrigues, presidente da entidade, e o diretor de competi\u00e7\u00f5es Julio Avelar. Pairavam d\u00favidas se o principal torneio de futebol das regi\u00f5es Norte e Centro-Oeste ocorreria, devido ao calend\u00e1rio apertado antes da Copa do Mundo do Catar, que prev\u00ea o t\u00e9rmino de todas as competi\u00e7\u00f5es at\u00e9 20 de novembro. A Copa Verde assegura ao campe\u00e3o uma vaga na terceira fase da Copa do Brasil no ano seguinte.<img decoding=\"async\" src=\"https:\/\/agenciabrasil.ebc.com.br\/ebc.png?id=1478571&amp;o=node\" \/><img decoding=\"async\" src=\"https:\/\/agenciabrasil.ebc.com.br\/ebc.gif?id=1478571&amp;o=node\" \/><\/p>\n<p>A \u00a0CBF afirmou que divulgar\u00e1 em breve as datas e os detalhes do formato da disputa regional.\u00a0O regulamento de competi\u00e7\u00f5es organizadas pela entidade, estabelece que o edital com a convoca\u00e7\u00e3o dos clubes e as regras da competi\u00e7\u00e3o seja divulgado em at\u00e9 75 dias do in\u00edcio dos confrontos.<\/p>\n<p>Esta \u00e9 a nona edi\u00e7\u00e3o da Copa Verde, que promove\u00a0a\u00e7\u00f5es em prol da sustentabilidade durante o torneio.\u00a0O atual campe\u00e3o \u00e9 o Remo, que conquistou o t\u00edtulo ano passado pela primeira vez na hist\u00f3ria do clube. Os dois maiores campe\u00f5es s\u00e3o Paysandu e Cuiab\u00e1, que levantaram a ta\u00e7a por duas vezes cada um. A convoca\u00e7\u00e3o para a disputa se d\u00e1 por crit\u00e9rios pr\u00e9-definidos: campe\u00f5es estaduais das federa\u00e7\u00f5es participantes em 2021, times mais bem posicionados no Ranking Nacional de Clubes (RNC) e os com melhor classifica\u00e7\u00e3o nas federa\u00e7\u00f5es mais bem colocadas no Ranking Nacional de Federa\u00e7\u00f5es (RNF).<\/p>\n<p><span style=\"font-weight: 400;\">Fonte: Ag\u00eancia Brasil <\/span><\/p>\n","protected":false},"excerpt":{"rendered":"<p>A Copa Verde de 2022 vai de fato ocorrer este ano. A CBF confirmou a realiza\u00e7\u00e3o do torneio na noite de ontem, ter\u00e7a-feira (23), ap\u00f3s reuni\u00e3o de Ednaldo Rodrigues, presidente da entidade, e o diretor de competi\u00e7\u00f5es Julio Avelar. Pairavam d\u00favidas se o principal torneio de futebol das regi\u00f5es Norte e Centro-Oeste ocorreria, devido ao [&hellip;]<\/p>\n","protected":false},"author":246,"featured_media":203454,"comment_status":"closed","ping_status":"closed","sticky":false,"template":"","format":"standard","meta":{"footnotes":""},"categories":[436,257,439],"tags":[],"class_list":["post-203453","post","type-post","status-publish","format-standard","has-post-thumbnail","hentry","category-destaque-da-semana","category-esporte","category-ultima-hora"],"_links":{"self":[{"href":"https:\/\/diarioregionaldigital.com.br\/index.php?rest_route=\/wp\/v2\/posts\/203453","targetHints":{"allow":["GET"]}}],"collection":[{"href":"https:\/\/diarioregionaldigital.com.br\/index.php?rest_route=\/wp\/v2\/posts"}],"about":[{"href":"https:\/\/diarioregionaldigital.com.br\/index.php?rest_route=\/wp\/v2\/types\/post"}],"author":[{"embeddable":true,"href":"https:\/\/diarioregionaldigital.com.br\/index.php?rest_route=\/wp\/v2\/users\/246"}],"replies":[{"embeddable":true,"href":"https:\/\/diarioregionaldigital.com.br\/index.php?rest_route=%2Fwp%2Fv2%2Fcomments&post=203453"}],"version-history":[{"count":1,"href":"https:\/\/diarioregionaldigital.com.br\/index.php?rest_route=\/wp\/v2\/posts\/203453\/revisions"}],"predecessor-version":[{"id":203455,"href":"https:\/\/diarioregionaldigital.com.br\/index.php?rest_route=\/wp\/v2\/posts\/203453\/revisions\/203455"}],"wp:featuredmedia":[{"embeddable":true,"href":"https:\/\/diarioregionaldigital.com.br\/index.php?rest_route=\/wp\/v2\/media\/203454"}],"wp:attachment":[{"href":"https:\/\/diarioregionaldigital.com.br\/index.php?rest_route=%2Fwp%2Fv2%2Fmedia&parent=203453"}],"wp:term":[{"taxonomy":"category","embeddable":true,"href":"https:\/\/diarioregionaldigital.com.br\/index.php?rest_route=%2Fwp%2Fv2%2Fcategories&post=203453"},{"taxonomy":"post_tag","embeddable":true,"href":"https:\/\/diarioregionaldigital.com.br\/index.php?rest_route=%2Fwp%2Fv2%2Ftags&post=203453"}],"curies":[{"name":"wp","href":"https:\/\/api.w.org\/{rel}","templated":true}]}}