{"id":203449,"date":"2022-08-24T22:26:37","date_gmt":"2022-08-25T01:26:37","guid":{"rendered":"https:\/\/diarioregionaldigital.com.br\/?p=203449"},"modified":"2022-08-24T22:26:37","modified_gmt":"2022-08-25T01:26:37","slug":"semifinais-do-brasileirao-feminino-comecam-no-fim-de-semana","status":"publish","type":"post","link":"https:\/\/diarioregionaldigital.com.br\/?p=203449","title":{"rendered":"Semifinais do Brasileir\u00e3o Feminino come\u00e7am no fim de semana"},"content":{"rendered":"<p>A busca por uma vaga na final do Campeonato Brasileiro Feminino come\u00e7a neste s\u00e1bado (27) com o duelo Corinthians x Palmeiras, \u00e0s 14h (hor\u00e1rio de Bras\u00edlia), em Itaquera, em S\u00e3o Paulo. No dia seguinte, \u00e0s 11h, o Internacional faz o outro mata-mata contra o S\u00e3o Paulo, no Est\u00e1dio Beira-Rio, em Porto Alegre.<img decoding=\"async\" src=\"https:\/\/agenciabrasil.ebc.com.br\/ebc.png?id=1478609&amp;o=node\" \/><img decoding=\"async\" src=\"https:\/\/agenciabrasil.ebc.com.br\/ebc.gif?id=1478609&amp;o=node\" \/><\/p>\n<p>Os jogos de volta, que definem quem vai brigar pelo t\u00edtulo do Brasileir\u00e3o deste ano, ocorrer\u00e3o na casa das Palestrinas e das S\u00e3o-Paulinas, respectivamente nos dias 10 e 12 de setembro.<\/p>\n<p>As datas, hor\u00e1rios e locais dos confrontos foram anunciados na noite de ter\u00e7a-feira (23) pela CBF. A final da competi\u00e7\u00e3o (jogos de ida e volta) ocorrer\u00e1 nos dias 18 de 25 de setembro.<\/p>\n<p>Atual tricampe\u00e3, a equipe do Corinthians \u2013 apelidada de \u201cBrabas\u201d \u2013 avan\u00e7ou \u00e0 semi com vit\u00f3ria sobre o Real Bras\u00edlia, por 1 a 0.\u00a0 J\u00e1 as Palestrinas se classificaram com duas vit\u00f3rias sobre o o Gr\u00eamio, com placares de 5 a 0, e 2 a 1.<\/p>\n<p>Na \u00faltima segunda (22), as Gurias Coloradas, que buscam o t\u00edtulo in\u00e9dito, se classificaram \u00e0 semi ao eliminarem o Flamengo com placar agregado de 4 a 2. \u00a0J\u00e1 a equipe do S\u00e3o Paulo avan\u00e7ou ap\u00f3s despachar a Ferrovi\u00e1ria por 2 a 0.<br \/>\n<span style=\"font-weight: 400;\"><br \/>\n<\/span><span style=\"font-weight: 400;\">Fonte: Ag\u00eancia Brasil <\/span><\/p>\n","protected":false},"excerpt":{"rendered":"<p>A busca por uma vaga na final do Campeonato Brasileiro Feminino come\u00e7a neste s\u00e1bado (27) com o duelo Corinthians x Palmeiras, \u00e0s 14h (hor\u00e1rio de Bras\u00edlia), em Itaquera, em S\u00e3o Paulo. No dia seguinte, \u00e0s 11h, o Internacional faz o outro mata-mata contra o S\u00e3o Paulo, no Est\u00e1dio Beira-Rio, em Porto Alegre. Os jogos de [&hellip;]<\/p>\n","protected":false},"author":246,"featured_media":203450,"comment_status":"closed","ping_status":"closed","sticky":false,"template":"","format":"standard","meta":{"footnotes":""},"categories":[436,257,439],"tags":[],"class_list":["post-203449","post","type-post","status-publish","format-standard","has-post-thumbnail","hentry","category-destaque-da-semana","category-esporte","category-ultima-hora"],"_links":{"self":[{"href":"https:\/\/diarioregionaldigital.com.br\/index.php?rest_route=\/wp\/v2\/posts\/203449","targetHints":{"allow":["GET"]}}],"collection":[{"href":"https:\/\/diarioregionaldigital.com.br\/index.php?rest_route=\/wp\/v2\/posts"}],"about":[{"href":"https:\/\/diarioregionaldigital.com.br\/index.php?rest_route=\/wp\/v2\/types\/post"}],"author":[{"embeddable":true,"href":"https:\/\/diarioregionaldigital.com.br\/index.php?rest_route=\/wp\/v2\/users\/246"}],"replies":[{"embeddable":true,"href":"https:\/\/diarioregionaldigital.com.br\/index.php?rest_route=%2Fwp%2Fv2%2Fcomments&post=203449"}],"version-history":[{"count":1,"href":"https:\/\/diarioregionaldigital.com.br\/index.php?rest_route=\/wp\/v2\/posts\/203449\/revisions"}],"predecessor-version":[{"id":203451,"href":"https:\/\/diarioregionaldigital.com.br\/index.php?rest_route=\/wp\/v2\/posts\/203449\/revisions\/203451"}],"wp:featuredmedia":[{"embeddable":true,"href":"https:\/\/diarioregionaldigital.com.br\/index.php?rest_route=\/wp\/v2\/media\/203450"}],"wp:attachment":[{"href":"https:\/\/diarioregionaldigital.com.br\/index.php?rest_route=%2Fwp%2Fv2%2Fmedia&parent=203449"}],"wp:term":[{"taxonomy":"category","embeddable":true,"href":"https:\/\/diarioregionaldigital.com.br\/index.php?rest_route=%2Fwp%2Fv2%2Fcategories&post=203449"},{"taxonomy":"post_tag","embeddable":true,"href":"https:\/\/diarioregionaldigital.com.br\/index.php?rest_route=%2Fwp%2Fv2%2Ftags&post=203449"}],"curies":[{"name":"wp","href":"https:\/\/api.w.org\/{rel}","templated":true}]}}