{"id":203446,"date":"2022-08-24T22:22:19","date_gmt":"2022-08-25T01:22:19","guid":{"rendered":"https:\/\/diarioregionaldigital.com.br\/?p=203446"},"modified":"2022-08-24T22:22:19","modified_gmt":"2022-08-25T01:22:19","slug":"com-novo-parceiro-marcelo-melo-vai-a-semi-do-atp-wiston-salen-eua","status":"publish","type":"post","link":"https:\/\/diarioregionaldigital.com.br\/?p=203446","title":{"rendered":"Com novo parceiro, Marcelo Melo vai \u00e0 semi do ATP Wiston-Salen (EUA)"},"content":{"rendered":"<p>O mineiro Marcelo Melo e o novo parceiro, o italiano Simone Bolelli, avan\u00e7aram \u00e0s semifinais de duplas do ATP 250 de Winston-Salem (Estados Unidos). \u00a0Eles se classificaram nesta quarta-feira (24), ap\u00f3s derrotarem por 2 sets a 0 o uruguaio Ariel Behar e o equatoriano Gonzalo Escobar, com parciais de 7\/5 e 7\/5, em 1h30min. Foi a segunda vit\u00f3ria seguida da rec\u00e9m-criada parceria Melo e Bolleli.<img decoding=\"async\" src=\"https:\/\/agenciabrasil.ebc.com.br\/ebc.png?id=1478635&amp;o=node\" \/><img decoding=\"async\" src=\"https:\/\/agenciabrasil.ebc.com.br\/ebc.gif?id=1478635&amp;o=node\" \/><\/p>\n<p>&#8220;Um jogo muito duro hoje, em que conseguimos usar todas as chances que tivemos. E salvamos uma oportunidade que tiveram no nosso saque. Agora \u00e9 continuar firme, para ir com tudo nessa semifinal, em busca de mais uma final. \u00c9 importante ficar com os p\u00e9s no ch\u00e3o e ir tranquilos. Mas, \u00e9 uma dupla, um time, que vem jogando muito bem&#8221;, disse Melo logo ap\u00f3s a vit\u00f3ria.<\/p>\n<p>Os advers\u00e1rios da dupla de Melo na semi ser\u00e3o os vencedores do confronto desta noite entre os norte-americanos Robert Galloway e Alex Lawson contra o australiano Matthew Ebden e o brit\u00e2nico Jamie Murray.<\/p>\n<h2>Thiago Monteiro nas quartas de final<\/h2>\n<p>Na disputa de simples, o cearense Thiago Monteiro enfrenta \u00e0s 19h30 desta quarta (24) o franc\u00eas Benjamim Bonzi pelas quartas de final. O brasileiro j\u00e1 soma duas vit\u00f3rias seguidas na competi\u00e7\u00e3o.<\/p>\n<p><span style=\"font-weight: 400;\">Fonte: Ag\u00eancia Brasil <\/span><\/p>\n","protected":false},"excerpt":{"rendered":"<p>O mineiro Marcelo Melo e o novo parceiro, o italiano Simone Bolelli, avan\u00e7aram \u00e0s semifinais de duplas do ATP 250 de Winston-Salem (Estados Unidos). \u00a0Eles se classificaram nesta quarta-feira (24), ap\u00f3s derrotarem por 2 sets a 0 o uruguaio Ariel Behar e o equatoriano Gonzalo Escobar, com parciais de 7\/5 e 7\/5, em 1h30min. Foi [&hellip;]<\/p>\n","protected":false},"author":246,"featured_media":203447,"comment_status":"closed","ping_status":"closed","sticky":false,"template":"","format":"standard","meta":{"footnotes":""},"categories":[436,440,257,439],"tags":[],"class_list":["post-203446","post","type-post","status-publish","format-standard","has-post-thumbnail","hentry","category-destaque-da-semana","category-destaques-do-dia","category-esporte","category-ultima-hora"],"_links":{"self":[{"href":"https:\/\/diarioregionaldigital.com.br\/index.php?rest_route=\/wp\/v2\/posts\/203446","targetHints":{"allow":["GET"]}}],"collection":[{"href":"https:\/\/diarioregionaldigital.com.br\/index.php?rest_route=\/wp\/v2\/posts"}],"about":[{"href":"https:\/\/diarioregionaldigital.com.br\/index.php?rest_route=\/wp\/v2\/types\/post"}],"author":[{"embeddable":true,"href":"https:\/\/diarioregionaldigital.com.br\/index.php?rest_route=\/wp\/v2\/users\/246"}],"replies":[{"embeddable":true,"href":"https:\/\/diarioregionaldigital.com.br\/index.php?rest_route=%2Fwp%2Fv2%2Fcomments&post=203446"}],"version-history":[{"count":1,"href":"https:\/\/diarioregionaldigital.com.br\/index.php?rest_route=\/wp\/v2\/posts\/203446\/revisions"}],"predecessor-version":[{"id":203448,"href":"https:\/\/diarioregionaldigital.com.br\/index.php?rest_route=\/wp\/v2\/posts\/203446\/revisions\/203448"}],"wp:featuredmedia":[{"embeddable":true,"href":"https:\/\/diarioregionaldigital.com.br\/index.php?rest_route=\/wp\/v2\/media\/203447"}],"wp:attachment":[{"href":"https:\/\/diarioregionaldigital.com.br\/index.php?rest_route=%2Fwp%2Fv2%2Fmedia&parent=203446"}],"wp:term":[{"taxonomy":"category","embeddable":true,"href":"https:\/\/diarioregionaldigital.com.br\/index.php?rest_route=%2Fwp%2Fv2%2Fcategories&post=203446"},{"taxonomy":"post_tag","embeddable":true,"href":"https:\/\/diarioregionaldigital.com.br\/index.php?rest_route=%2Fwp%2Fv2%2Ftags&post=203446"}],"curies":[{"name":"wp","href":"https:\/\/api.w.org\/{rel}","templated":true}]}}