{"id":203443,"date":"2022-08-24T22:10:08","date_gmt":"2022-08-25T01:10:08","guid":{"rendered":"https:\/\/diarioregionaldigital.com.br\/?p=203443"},"modified":"2022-08-24T22:10:08","modified_gmt":"2022-08-25T01:10:08","slug":"em-curitiba-ciro-gomes-fala-em-criar-5-milhoes-de-empregos-com-obras","status":"publish","type":"post","link":"https:\/\/diarioregionaldigital.com.br\/?p=203443","title":{"rendered":"Em Curitiba, Ciro Gomes fala em criar 5 milh\u00f5es de empregos com obras"},"content":{"rendered":"<p>O candidato \u00e0 Presid\u00eancia da Rep\u00fablica Ciro Gomes (PDT) disse hoje (24) que, se eleito, pretende estimular a constru\u00e7\u00e3o civil e, assim, criar 5 milh\u00f5es de postos de trabalho ao longo dos dois primeiros anos de seu eventual governo.<img decoding=\"async\" src=\"https:\/\/agenciabrasil.ebc.com.br\/ebc.png?id=1478552&amp;o=node\" \/><img decoding=\"async\" src=\"https:\/\/agenciabrasil.ebc.com.br\/ebc.gif?id=1478552&amp;o=node\" \/><\/p>\n<p>Ao fazer campanha na periferia de Curitiba (PR), o ex-governador do Cear\u00e1 prometeu retomar 14 mil obras p\u00fablicas que, segundo ele, est\u00e3o paralisadas em todo o pa\u00eds, mesmo j\u00e1 tendo cumprido as exig\u00eancias legais. Ciro Gomes tamb\u00e9m se comprometeu a implementar um programa de regulariza\u00e7\u00e3o fundi\u00e1ria para atender cerca de 14 milh\u00f5es de pessoas.<\/p>\n<p>\u201cVamos invadir a favela; subir o morro; encostar no povo que vive em condi\u00e7\u00f5es prec\u00e1rias. Vamos titular a terra e fazer um grande programa de recupera\u00e7\u00e3o [da infraestrutura urbana], com a constru\u00e7\u00e3o de moradias populares, drenagem, pavimenta\u00e7\u00e3o e saneamento b\u00e1sico\u201d, acrescentou o trabalhista ao comparar a situa\u00e7\u00e3o de parte dos moradores do bairro Vila Nova Esperan\u00e7a com a de outros brasileiros.<\/p>\n<p>\u201cEsta \u00e9 uma comunidade de fam\u00edlias que ocuparam um terreno abandonado e que est\u00e3o aqui, vivendo como outros 14 milh\u00f5es de brasileiros que moram em condi\u00e7\u00f5es absolutamente prec\u00e1rias, sujeitos a serem despejados amanh\u00e3\u201d, comentou Gomes, sustentando que as grandes obras p\u00fablicas estimulariam a constru\u00e7\u00e3o civil, ajudando na cria\u00e7\u00e3o das prometidas 5 milh\u00f5es de vagas de trabalho.<\/p>\n<p>Ainda na capital paranaense, Gomes participou da inaugura\u00e7\u00e3o do comit\u00ea de campanha do candidato pedetista ao governo do Paran\u00e1, Ricardo Gomyde. Durante o evento, Gomes fez quest\u00e3o de destacar a qualifica\u00e7\u00e3o de sua vice-candidata \u00e0 Presid\u00eancia da Rep\u00fablica, Ana Paula Matos.<\/p>\n<p>\u201cEla \u00e9 professora, advogada, especialista em finan\u00e7as, mestre em Administra\u00e7\u00e3o, vice-prefeita de Salvador, ex-secret\u00e1ria municipal de Promo\u00e7\u00e3o Social e Combate \u00e0 Pobreza e est\u00e1 pronta para assumir a Presid\u00eancia da Rep\u00fablica em qualquer circunst\u00e2ncia. \u00c9 uma mulher negra, uma vitoriosa em um pa\u00eds escravocrata, machista e absolutamente racista\u201d, apontou o candidato.<\/p>\n<p>\u00c0 tarde, Ciro esteve em Porto Alegre, onde participou de um ato pol\u00edtico em frente \u00e0 carta testamento de Get\u00falio Vargas. Acompanhado da esposa, Giselle Bezerra, e de v\u00e1rias lideran\u00e7as do PDT, Ciro destacou a necessidade de crescimento econ\u00f4mico no pa\u00eds para garantir qualidade de vida \u00e0 popula\u00e7\u00e3o.<\/p>\n<p>Confira a\u00a0<a href=\"https:\/\/agenciabrasil.ebc.com.br\/politica\/noticia\/2022-08\/confira-agenda-dos-candidatos-presidencia-para-esta-quarta-248https:\/\/agenciabrasil.ebc.com.br\/politica\/noticia\/2022-08\/confira-agenda-dos-candidatos-presidencia-para-esta-quarta-248\" target=\"_blank\" rel=\"noopener\">agenda dos candidatos<\/a>\u00a0\u00e0 Presid\u00eancia, nesta quarta-feira.<\/p>\n<p><span style=\"font-weight: 400;\">Fonte: Ag\u00eancia Brasil <\/span><\/p>\n","protected":false},"excerpt":{"rendered":"<p>O candidato \u00e0 Presid\u00eancia da Rep\u00fablica Ciro Gomes (PDT) disse hoje (24) que, se eleito, pretende estimular a constru\u00e7\u00e3o civil e, assim, criar 5 milh\u00f5es de postos de trabalho ao longo dos dois primeiros anos de seu eventual governo. Ao fazer campanha na periferia de Curitiba (PR), o ex-governador do Cear\u00e1 prometeu retomar 14 mil [&hellip;]<\/p>\n","protected":false},"author":246,"featured_media":203444,"comment_status":"closed","ping_status":"closed","sticky":false,"template":"","format":"standard","meta":{"footnotes":""},"categories":[436,254,439],"tags":[],"class_list":["post-203443","post","type-post","status-publish","format-standard","has-post-thumbnail","hentry","category-destaque-da-semana","category-politica","category-ultima-hora"],"_links":{"self":[{"href":"https:\/\/diarioregionaldigital.com.br\/index.php?rest_route=\/wp\/v2\/posts\/203443","targetHints":{"allow":["GET"]}}],"collection":[{"href":"https:\/\/diarioregionaldigital.com.br\/index.php?rest_route=\/wp\/v2\/posts"}],"about":[{"href":"https:\/\/diarioregionaldigital.com.br\/index.php?rest_route=\/wp\/v2\/types\/post"}],"author":[{"embeddable":true,"href":"https:\/\/diarioregionaldigital.com.br\/index.php?rest_route=\/wp\/v2\/users\/246"}],"replies":[{"embeddable":true,"href":"https:\/\/diarioregionaldigital.com.br\/index.php?rest_route=%2Fwp%2Fv2%2Fcomments&post=203443"}],"version-history":[{"count":1,"href":"https:\/\/diarioregionaldigital.com.br\/index.php?rest_route=\/wp\/v2\/posts\/203443\/revisions"}],"predecessor-version":[{"id":203445,"href":"https:\/\/diarioregionaldigital.com.br\/index.php?rest_route=\/wp\/v2\/posts\/203443\/revisions\/203445"}],"wp:featuredmedia":[{"embeddable":true,"href":"https:\/\/diarioregionaldigital.com.br\/index.php?rest_route=\/wp\/v2\/media\/203444"}],"wp:attachment":[{"href":"https:\/\/diarioregionaldigital.com.br\/index.php?rest_route=%2Fwp%2Fv2%2Fmedia&parent=203443"}],"wp:term":[{"taxonomy":"category","embeddable":true,"href":"https:\/\/diarioregionaldigital.com.br\/index.php?rest_route=%2Fwp%2Fv2%2Fcategories&post=203443"},{"taxonomy":"post_tag","embeddable":true,"href":"https:\/\/diarioregionaldigital.com.br\/index.php?rest_route=%2Fwp%2Fv2%2Ftags&post=203443"}],"curies":[{"name":"wp","href":"https:\/\/api.w.org\/{rel}","templated":true}]}}