{"id":203440,"date":"2022-08-24T22:08:49","date_gmt":"2022-08-25T01:08:49","guid":{"rendered":"https:\/\/diarioregionaldigital.com.br\/?p=203440"},"modified":"2022-08-24T22:08:49","modified_gmt":"2022-08-25T01:08:49","slug":"simone-tebet-defende-investimento-em-ciencia-e-tecnologia-fora-do-teto","status":"publish","type":"post","link":"https:\/\/diarioregionaldigital.com.br\/?p=203440","title":{"rendered":"Simone Tebet defende investimento em ci\u00eancia e tecnologia fora do teto"},"content":{"rendered":"<p>Investimentos na \u00e1rea de ci\u00eancia e tecnologia fora da regra do teto de gastos \u00e9 uma das propostas\u00a0defendidas pela candidata do MDB \u00e0 Presid\u00eancia da Rep\u00fablica, Simone Tebet, nesta quarta-feira (24).\u00a0<img decoding=\"async\" src=\"https:\/\/agenciabrasil.ebc.com.br\/ebc.png?id=1478565&amp;o=node\" \/><img decoding=\"async\" src=\"https:\/\/agenciabrasil.ebc.com.br\/ebc.gif?id=1478565&amp;o=node\" \/><\/p>\n<p>Ap\u00f3s reuni\u00e3o com representantes da Funda\u00e7\u00e3o Abrinq, em S\u00e3o Paulo, onde assinou um termo de compromisso com o Programa Presidente Amigo da Crian\u00e7a, a presidenci\u00e1vel avaliou que o Brasil est\u00e1 atrasado no que se refere \u00e0 inova\u00e7\u00e3o. Segundo ela, a iniciativa privada investe 60% em tudo que \u00e9 inova\u00e7\u00e3o e n\u00e3o consegue concorrer com o mundo por ter que desembolsar algo que tem que ser responsabilidade do governo federal.\u00a0A candidata assumiu o compromisso de n\u00e3o fazer contingenciamento ou reten\u00e7\u00e3o de qualquer forma de verbas no setor<\/p>\n<p>O empenho dos cientistas ao longo da pandemia de covid-19 foi um dos pontos mencionado pela candidata \u00e0 Vice-Presid\u00eancia da chapa, MaraGabrilli. Ela destacou ainda a posi\u00e7\u00e3o de cientistas brasileiros em ranking da Unesco..<\/p>\n<h2>Seguran\u00e7a<\/h2>\n<p>Entre as propostas na \u00e1rea de seguran\u00e7a p\u00fablica, Simone Tebet prometeu criar o Minist\u00e9rio Nacional da Seguran\u00e7a P\u00fablica. A candidata destacou que a maior parte das drogas e das armas brasileiras entram pelos estados fronteiri\u00e7os, especialmente pelo Mato Grosso do Sul. A candidata diz que o\u00a0combate ao narcotr\u00e1fico e\u00a0ao crime organizado \u00e9 uma responsabilidade dos governos federais com os governos estaduais.<\/p>\n<p>Sobre pol\u00edtica de armamento, a candidata prometeu revogar\u00a0decretos\u00a0que ampliam o acesso \u00e0s armas. \u201cEu sou radicalmente contra o porte de armas no Brasil&#8221;, ressaltou, acrescentando que n\u00e3o h\u00e1 como aceitar o porte de armas no Brasil.<\/p>\n<p>A emedebista lembrou ainda que a posse de armas nos termos da lei \u00e9 uma realidade. \u201cVamos fiscalizar dentro das regras que j\u00e1 existem. Essa n\u00e3o \u00e9 a prioridade do Brasil, a prioridade \u00e9 matar fome, erradicar a mis\u00e9ria\u201d, acrescentou.<\/p>\n<p>A candidata defende \u201ctranspar\u00eancia absoluta\u201d nos minist\u00e9rios, caso eleita. \u201cA caneta vai funcionar atrav\u00e9s de um ato normativo que todos os ministros, a partir do primeiro dia, publiquem tudo no portal da transpar\u00eancia para a sociedade acompanhar para onde est\u00e1 indo esse dinheiro, de que forma est\u00e1 indo, quem pediu e com isso vamos acabar com o or\u00e7amento secreto, superfaturamentos, de \u00f4nibus, merendas, notas frias que cheguem para serem pagas, essa \u00e9 a prioridade absoluta\u201d, ressaltou.<\/p>\n<p>Fique por dentro da\u00a0<a href=\"https:\/\/agenciabrasil.ebc.com.br\/politica\/noticia\/2022-08\/confira-agenda-dos-candidatos-presidencia-para-esta-quarta-248\" target=\"_blank\" rel=\"noopener\">agenda<\/a>\u00a0dos candidatos \u00e0 Presid\u00eancia para esta quarta-feira.<\/p>\n<p><span style=\"font-weight: 400;\">Fonte: Ag\u00eancia Brasil <\/span><\/p>\n","protected":false},"excerpt":{"rendered":"<p>Investimentos na \u00e1rea de ci\u00eancia e tecnologia fora da regra do teto de gastos \u00e9 uma das propostas\u00a0defendidas pela candidata do MDB \u00e0 Presid\u00eancia da Rep\u00fablica, Simone Tebet, nesta quarta-feira (24).\u00a0 Ap\u00f3s reuni\u00e3o com representantes da Funda\u00e7\u00e3o Abrinq, em S\u00e3o Paulo, onde assinou um termo de compromisso com o Programa Presidente Amigo da Crian\u00e7a, a [&hellip;]<\/p>\n","protected":false},"author":246,"featured_media":203441,"comment_status":"closed","ping_status":"closed","sticky":false,"template":"","format":"standard","meta":{"footnotes":""},"categories":[436,254,439],"tags":[],"class_list":["post-203440","post","type-post","status-publish","format-standard","has-post-thumbnail","hentry","category-destaque-da-semana","category-politica","category-ultima-hora"],"_links":{"self":[{"href":"https:\/\/diarioregionaldigital.com.br\/index.php?rest_route=\/wp\/v2\/posts\/203440","targetHints":{"allow":["GET"]}}],"collection":[{"href":"https:\/\/diarioregionaldigital.com.br\/index.php?rest_route=\/wp\/v2\/posts"}],"about":[{"href":"https:\/\/diarioregionaldigital.com.br\/index.php?rest_route=\/wp\/v2\/types\/post"}],"author":[{"embeddable":true,"href":"https:\/\/diarioregionaldigital.com.br\/index.php?rest_route=\/wp\/v2\/users\/246"}],"replies":[{"embeddable":true,"href":"https:\/\/diarioregionaldigital.com.br\/index.php?rest_route=%2Fwp%2Fv2%2Fcomments&post=203440"}],"version-history":[{"count":1,"href":"https:\/\/diarioregionaldigital.com.br\/index.php?rest_route=\/wp\/v2\/posts\/203440\/revisions"}],"predecessor-version":[{"id":203442,"href":"https:\/\/diarioregionaldigital.com.br\/index.php?rest_route=\/wp\/v2\/posts\/203440\/revisions\/203442"}],"wp:featuredmedia":[{"embeddable":true,"href":"https:\/\/diarioregionaldigital.com.br\/index.php?rest_route=\/wp\/v2\/media\/203441"}],"wp:attachment":[{"href":"https:\/\/diarioregionaldigital.com.br\/index.php?rest_route=%2Fwp%2Fv2%2Fmedia&parent=203440"}],"wp:term":[{"taxonomy":"category","embeddable":true,"href":"https:\/\/diarioregionaldigital.com.br\/index.php?rest_route=%2Fwp%2Fv2%2Fcategories&post=203440"},{"taxonomy":"post_tag","embeddable":true,"href":"https:\/\/diarioregionaldigital.com.br\/index.php?rest_route=%2Fwp%2Fv2%2Ftags&post=203440"}],"curies":[{"name":"wp","href":"https:\/\/api.w.org\/{rel}","templated":true}]}}