{"id":203437,"date":"2022-08-24T22:07:29","date_gmt":"2022-08-25T01:07:29","guid":{"rendered":"https:\/\/diarioregionaldigital.com.br\/?p=203437"},"modified":"2022-08-24T22:07:29","modified_gmt":"2022-08-25T01:07:29","slug":"ministra-do-tse-manda-retirar-video-da-cut-desfavoravel-a-bolsonaro","status":"publish","type":"post","link":"https:\/\/diarioregionaldigital.com.br\/?p=203437","title":{"rendered":"Ministra do TSE manda retirar v\u00eddeo da CUT desfavor\u00e1vel a Bolsonaro"},"content":{"rendered":"<p>A ministra Maria Claudia Bucchianeri, do Tribunal Superior Eleitoral (TSE), determinou na noite de ontem (23) a retirada de um v\u00eddeo desfavor\u00e1vel ao presidente Jair Bolsonaro publicado no perfil da Central \u00danica dos Trabalhadores (CUT) em uma rede social. A pe\u00e7a, de 37 segundos, vincula Bolsonaro, candidato \u00e0 reelei\u00e7\u00e3o, \u00e0s mortes por covid-19 durante a pandemia.<img decoding=\"async\" src=\"https:\/\/agenciabrasil.ebc.com.br\/ebc.png?id=1478547&amp;o=node\" \/><img decoding=\"async\" src=\"https:\/\/agenciabrasil.ebc.com.br\/ebc.gif?id=1478547&amp;o=node\" \/><\/p>\n<p>Bucchianeri atendeu a pedido da coliga\u00e7\u00e3o formada por PL, partido do presidente, PP e Republicanos. Os partidos alegaram que o v\u00eddeo, publicado em 19 de julho, faz refer\u00eancia \u00e0 elei\u00e7\u00e3o e, portanto, trata-se de propaganda eleitoral negativa antecipada.<\/p>\n<p>Ao decidir sobre o caso, a ministra do TSE argumentou que o v\u00eddeo \u201ctem clara conota\u00e7\u00e3o eleitoral e faz alus\u00e3o ao processo eleitoral que se avizinha\u201d, conduta, que segundo ela, \u00e9 vedada pela legisla\u00e7\u00e3o eleitoral, que pro\u00edbe utiliza\u00e7\u00e3o de canais de pessoas jur\u00eddicas para veicular propaganda eleitoral.<\/p>\n<p>\u201cComo se sabe, a CUT \u00e9 uma entidade associativa de representa\u00e7\u00e3o sindical, voltada \u00e0 defesa dos trabalhadores, e a sua natureza \u00e9 de pessoa jur\u00eddica sem fins lucrativos. Assim, \u00e9 necess\u00e1rio reconhecer o seu impedimento legal na promo\u00e7\u00e3o de qualquer tipo de propaganda eleitoral na internet, considerando-se, inclusive, a poss\u00edvel ilegalidade com o disp\u00eandio de recursos financeiros para produ\u00e7\u00e3o de material publicit\u00e1rio direcionado a campanha pol\u00edtica\u201d, escreveu Bucchianeri.<\/p>\n<p>A ministra deu 24 horas para o YouTube remover a publica\u00e7\u00e3o do canal da CUT na rede social. Ap\u00f3s a remo\u00e7\u00e3o, a CUT tem 2 dias para apresentar defesa, bem como o Minist\u00e9rio P\u00fablico Eleitoral tem o mesmo prazo para dar seu parecer no caso.<\/p>\n<p><span style=\"font-weight: 400;\">Fonte: Ag\u00eancia Brasil <\/span><\/p>\n","protected":false},"excerpt":{"rendered":"<p>A ministra Maria Claudia Bucchianeri, do Tribunal Superior Eleitoral (TSE), determinou na noite de ontem (23) a retirada de um v\u00eddeo desfavor\u00e1vel ao presidente Jair Bolsonaro publicado no perfil da Central \u00danica dos Trabalhadores (CUT) em uma rede social. A pe\u00e7a, de 37 segundos, vincula Bolsonaro, candidato \u00e0 reelei\u00e7\u00e3o, \u00e0s mortes por covid-19 durante a [&hellip;]<\/p>\n","protected":false},"author":246,"featured_media":203438,"comment_status":"closed","ping_status":"closed","sticky":false,"template":"","format":"standard","meta":{"footnotes":""},"categories":[436,254,439],"tags":[],"class_list":["post-203437","post","type-post","status-publish","format-standard","has-post-thumbnail","hentry","category-destaque-da-semana","category-politica","category-ultima-hora"],"_links":{"self":[{"href":"https:\/\/diarioregionaldigital.com.br\/index.php?rest_route=\/wp\/v2\/posts\/203437","targetHints":{"allow":["GET"]}}],"collection":[{"href":"https:\/\/diarioregionaldigital.com.br\/index.php?rest_route=\/wp\/v2\/posts"}],"about":[{"href":"https:\/\/diarioregionaldigital.com.br\/index.php?rest_route=\/wp\/v2\/types\/post"}],"author":[{"embeddable":true,"href":"https:\/\/diarioregionaldigital.com.br\/index.php?rest_route=\/wp\/v2\/users\/246"}],"replies":[{"embeddable":true,"href":"https:\/\/diarioregionaldigital.com.br\/index.php?rest_route=%2Fwp%2Fv2%2Fcomments&post=203437"}],"version-history":[{"count":1,"href":"https:\/\/diarioregionaldigital.com.br\/index.php?rest_route=\/wp\/v2\/posts\/203437\/revisions"}],"predecessor-version":[{"id":203439,"href":"https:\/\/diarioregionaldigital.com.br\/index.php?rest_route=\/wp\/v2\/posts\/203437\/revisions\/203439"}],"wp:featuredmedia":[{"embeddable":true,"href":"https:\/\/diarioregionaldigital.com.br\/index.php?rest_route=\/wp\/v2\/media\/203438"}],"wp:attachment":[{"href":"https:\/\/diarioregionaldigital.com.br\/index.php?rest_route=%2Fwp%2Fv2%2Fmedia&parent=203437"}],"wp:term":[{"taxonomy":"category","embeddable":true,"href":"https:\/\/diarioregionaldigital.com.br\/index.php?rest_route=%2Fwp%2Fv2%2Fcategories&post=203437"},{"taxonomy":"post_tag","embeddable":true,"href":"https:\/\/diarioregionaldigital.com.br\/index.php?rest_route=%2Fwp%2Fv2%2Ftags&post=203437"}],"curies":[{"name":"wp","href":"https:\/\/api.w.org\/{rel}","templated":true}]}}