{"id":203434,"date":"2022-08-24T22:05:39","date_gmt":"2022-08-25T01:05:39","guid":{"rendered":"https:\/\/diarioregionaldigital.com.br\/?p=203434"},"modified":"2022-08-24T22:05:39","modified_gmt":"2022-08-25T01:05:39","slug":"em-comicio-bolsonaro-defende-excludente-de-ilicitude-para-policiais","status":"publish","type":"post","link":"https:\/\/diarioregionaldigital.com.br\/?p=203434","title":{"rendered":"Em com\u00edcio, Bolsonaro defende excludente de ilicitude para policiais"},"content":{"rendered":"<p>Candidato do PL \u00e0 Presid\u00eancia da Rep\u00fablica, Jair Bolsonaro, esteve hoje (24) em Minas Gerais, em campanha. Tentando a reelei\u00e7\u00e3o, passou por Betim, na regi\u00e3o metropolitana de Belo Horizonte, e seguiu em motociata at\u00e9 a capital.<img decoding=\"async\" src=\"https:\/\/agenciabrasil.ebc.com.br\/ebc.png?id=1478676&amp;o=node\" \/><img decoding=\"async\" src=\"https:\/\/agenciabrasil.ebc.com.br\/ebc.gif?id=1478676&amp;o=node\" \/><\/p>\n<p>Bolsonaro fez um discurso no qual exaltou pontos do pr\u00f3prio governo e defendeu a implanta\u00e7\u00e3o do excludente de ilicitude para policiais militares, condicionando a execu\u00e7\u00e3o da proposta a uma composi\u00e7\u00e3o diferente do Congresso, com mais parlamentares que apoiem a medida.<\/p>\n<p>\u201cQuero dizer aos policiais militares que est\u00e3o aqui, hoje temos um governo que tamb\u00e9m acredita e valoriza voc\u00eas. O governo, com um novo parlamento, vai conseguir o excludente de ilicitude para que voc\u00eas possam trabalhar\u201d. O excludente de ilicitude \u00e9, na pr\u00e1tica, a garantia legal de que policiais possam atuar sem risco de serem processados por eventuais mortes em opera\u00e7\u00f5es e confrontos.<\/p>\n<h2>Armamento<\/h2>\n<p>Bolsonaro tamb\u00e9m defendeu as medidas do seu governo que ampliaram o acesso a armas de fogo no Brasil. \u201cN\u00f3s n\u00e3o temos medo de armar o cidad\u00e3o de bem. Porque mais do que a seguran\u00e7a de cada um de voc\u00eas, \u00e9 a garantia de que ningu\u00e9m escravizar\u00e1 o nosso povo\u201d, disse ele, no alto de um carro de som, ladeado por candidatos do PL a outros cargos.<\/p>\n<p>A amplia\u00e7\u00e3o do acesso a armas de fogo foi uma das bandeiras de Bolsonaro na campanha de 2018, mas seu governo enfrentou resist\u00eancia no Congresso e no Supremo Tribunal Federal (STF) diante do tema. Para evitar depender de projetos de lei, ele editou decretos que facilitaram o acesso a armas de fogo e muni\u00e7\u00f5es por ca\u00e7adores, atiradores e colecionadores (CACs).<\/p>\n<p>Bolsonaro exaltou os quatro anos de seu governo. Afirmou que o Brasil \u00e9 \u201cum pa\u00eds cada vez mais cobi\u00e7ado por outros pa\u00edses para fazer neg\u00f3cios\u201d e lembrou sua ida \u00e0 R\u00fassia para negociar a compra de fertilizantes, em meio ao conflito entre aquele pa\u00eds e a Ucr\u00e2nia. Segundo o candidato \u00e0 reelei\u00e7\u00e3o, a compra de fertilizantes garantiu as safras do agroneg\u00f3cio brasileiro e \u201ca seguran\u00e7a alimentar de mais de 1 bilh\u00e3o de pessoas ao redor do mundo\u201d.<\/p>\n<p>Amanh\u00e3, Bolsonaro participa da cerim\u00f4nia do Dia do Soldado, em Bras\u00edlia. Depois, segue para atividades de campanha na capital federal e no entorno.<\/p>\n<p>Fique por dentro da\u00a0<a href=\"https:\/\/agenciabrasil.ebc.com.br\/politica\/noticia\/2022-08\/confira-agenda-dos-candidatos-presidencia-para-esta-quarta-248\" target=\"_blank\" rel=\"noopener\">agenda<\/a>\u00a0dos candidatos \u00e0 Presid\u00eancia desta quarta-feira.<\/p>\n<p><span style=\"font-weight: 400;\">Fonte: Ag\u00eancia Brasil <\/span><\/p>\n","protected":false},"excerpt":{"rendered":"<p>Candidato do PL \u00e0 Presid\u00eancia da Rep\u00fablica, Jair Bolsonaro, esteve hoje (24) em Minas Gerais, em campanha. Tentando a reelei\u00e7\u00e3o, passou por Betim, na regi\u00e3o metropolitana de Belo Horizonte, e seguiu em motociata at\u00e9 a capital. Bolsonaro fez um discurso no qual exaltou pontos do pr\u00f3prio governo e defendeu a implanta\u00e7\u00e3o do excludente de ilicitude [&hellip;]<\/p>\n","protected":false},"author":246,"featured_media":203435,"comment_status":"closed","ping_status":"closed","sticky":false,"template":"","format":"standard","meta":{"footnotes":""},"categories":[436,440,254,439],"tags":[],"class_list":["post-203434","post","type-post","status-publish","format-standard","has-post-thumbnail","hentry","category-destaque-da-semana","category-destaques-do-dia","category-politica","category-ultima-hora"],"_links":{"self":[{"href":"https:\/\/diarioregionaldigital.com.br\/index.php?rest_route=\/wp\/v2\/posts\/203434","targetHints":{"allow":["GET"]}}],"collection":[{"href":"https:\/\/diarioregionaldigital.com.br\/index.php?rest_route=\/wp\/v2\/posts"}],"about":[{"href":"https:\/\/diarioregionaldigital.com.br\/index.php?rest_route=\/wp\/v2\/types\/post"}],"author":[{"embeddable":true,"href":"https:\/\/diarioregionaldigital.com.br\/index.php?rest_route=\/wp\/v2\/users\/246"}],"replies":[{"embeddable":true,"href":"https:\/\/diarioregionaldigital.com.br\/index.php?rest_route=%2Fwp%2Fv2%2Fcomments&post=203434"}],"version-history":[{"count":1,"href":"https:\/\/diarioregionaldigital.com.br\/index.php?rest_route=\/wp\/v2\/posts\/203434\/revisions"}],"predecessor-version":[{"id":203436,"href":"https:\/\/diarioregionaldigital.com.br\/index.php?rest_route=\/wp\/v2\/posts\/203434\/revisions\/203436"}],"wp:featuredmedia":[{"embeddable":true,"href":"https:\/\/diarioregionaldigital.com.br\/index.php?rest_route=\/wp\/v2\/media\/203435"}],"wp:attachment":[{"href":"https:\/\/diarioregionaldigital.com.br\/index.php?rest_route=%2Fwp%2Fv2%2Fmedia&parent=203434"}],"wp:term":[{"taxonomy":"category","embeddable":true,"href":"https:\/\/diarioregionaldigital.com.br\/index.php?rest_route=%2Fwp%2Fv2%2Fcategories&post=203434"},{"taxonomy":"post_tag","embeddable":true,"href":"https:\/\/diarioregionaldigital.com.br\/index.php?rest_route=%2Fwp%2Fv2%2Ftags&post=203434"}],"curies":[{"name":"wp","href":"https:\/\/api.w.org\/{rel}","templated":true}]}}