{"id":203431,"date":"2022-08-24T21:58:22","date_gmt":"2022-08-25T00:58:22","guid":{"rendered":"https:\/\/diarioregionaldigital.com.br\/?p=203431"},"modified":"2022-08-24T21:58:22","modified_gmt":"2022-08-25T00:58:22","slug":"receita-libera-consulta-a-restituicao-do-imposto-de-renda-2","status":"publish","type":"post","link":"https:\/\/diarioregionaldigital.com.br\/?p=203431","title":{"rendered":"Receita libera consulta a restitui\u00e7\u00e3o do Imposto de Renda"},"content":{"rendered":"<p>A partir das 10h de\u00a0hoje\u00a0(24), o contribuinte que entregou a Declara\u00e7\u00e3o do Imposto de Renda Pessoa F\u00edsica at\u00e9 o fim\u00a0de maio\u00a0poder\u00e1 acertar as contas com o Le\u00e3o. Nesse hor\u00e1rio, a Receita Federal libera a consulta ao quarto dos cinco lotes de restitui\u00e7\u00e3o de 2022. O lote tamb\u00e9m contempla restitui\u00e7\u00f5es de anos anteriores.<img decoding=\"async\" src=\"https:\/\/agenciabrasil.ebc.com.br\/ebc.png?id=1478473&amp;o=node\" \/><img decoding=\"async\" src=\"https:\/\/agenciabrasil.ebc.com.br\/ebc.gif?id=1478473&amp;o=node\" \/><\/p>\n<p>No pr\u00f3ximo dia 31, a Receita depositar\u00e1 R$ 6 bilh\u00f5es a 4.462.564 contribuintes. Desse total,\u202fR$\u00a0265.909.045,61\u202fser\u00e3o pagos aos contribuintes com prioridade legal, sendo 7.855 idosos acima de 80 anos; 60.575\u202fentre 60 e 79\u202fanos; 5.514\u202fcontribuintes\u202fcom alguma defici\u00eancia f\u00edsica ou mental ou doen\u00e7a grave e 25.854\u202fcontribuintes cuja maior fonte de renda seja o magist\u00e9rio.<\/p>\n<p>O restante do lote ser\u00e1 destinado a 4.362.766\u202fcontribuintes n\u00e3o priorit\u00e1rios que entregaram declara\u00e7\u00f5es de exerc\u00edcios anteriores at\u00e9\u00a030 de maio\u00a0deste ano.<\/p>\n<p>A consulta pode ser feita na\u00a0<a href=\"http:\/\/receita.economia.gov.br\/\" target=\"_blank\" rel=\"noopener\">p\u00e1gina da Receita<\/a>\u00a0Federal na internet. Basta o contribuinte clicar no campo Meu Imposto de Renda\u00a0e, em seguida, Consultar Restitui\u00e7\u00e3o. A consulta tamb\u00e9m pode ser feita no aplicativo Meu Imposto de Renda, dispon\u00edvel para os smartphones dos sistemas Android e iOS.<\/p>\n<p>A consulta no\u00a0<em>site<\/em>\u00a0permite a verifica\u00e7\u00e3o de eventuais pend\u00eancias que impe\u00e7am o pagamento da restitui\u00e7\u00e3o \u2013 como inclus\u00e3o na malha fina. Caso uma ou mais inconsist\u00eancias sejam encontradas na declara\u00e7\u00e3o, basta enviar uma declara\u00e7\u00e3o retificadora e esperar os pr\u00f3ximos lotes.<\/p>\n<h2>Calend\u00e1rio<\/h2>\n<p>Inicialmente prevista para terminar em\u00a029 de abril, o prazo de entrega da Declara\u00e7\u00e3o do Imposto de Renda Pessoa F\u00edsica foi\u00a0<a href=\"https:\/\/agenciabrasil.ebc.com.br\/economia\/noticia\/2022-04\/prazo-para-entrega-da-declaracao-do-ir-e-prorrogado-para-31-de-maio\" target=\"_blank\" rel=\"noopener\">adiado<\/a>\u00a0para\u00a031 de maio a fim de\u00a0diminuir os efeitos da pandemia de covid-19 que pudessem prejudicar o envio, como atraso na obten\u00e7\u00e3o de comprovantes. Apesar do adiamento, o calend\u00e1rio original de restitui\u00e7\u00e3o foi mantido, com cinco lotes a serem pagos entre maio e setembro, sempre no \u00faltimo dia \u00fatil de cada m\u00eas.<\/p>\n<p>A restitui\u00e7\u00e3o ser\u00e1 depositada na conta banc\u00e1ria informada na Declara\u00e7\u00e3o de Imposto de Renda. Se, por algum motivo, o cr\u00e9dito n\u00e3o for realizado, como no caso de conta informada desativada, os valores ficar\u00e3o dispon\u00edveis para resgate por at\u00e9 um ano no Banco do Brasil.<\/p>\n<p>Nesse caso, o cidad\u00e3o pode reagendar o cr\u00e9dito dos valores de forma simples e r\u00e1pida pelo Portal BB, ou ligando para a Central de Relacionamento BB por meio dos telefones 4004-0001 (capitais),\u00a00800-729-0001\u00a0(demais localidades) e\u00a00800-729-0088\u00a0(telefone especial exclusivo para deficientes auditivos).<\/p>\n<p><span style=\"font-weight: 400;\">Fonte: Ag\u00eancia Brasil <\/span><\/p>\n","protected":false},"excerpt":{"rendered":"<p>A partir das 10h de\u00a0hoje\u00a0(24), o contribuinte que entregou a Declara\u00e7\u00e3o do Imposto de Renda Pessoa F\u00edsica at\u00e9 o fim\u00a0de maio\u00a0poder\u00e1 acertar as contas com o Le\u00e3o. Nesse hor\u00e1rio, a Receita Federal libera a consulta ao quarto dos cinco lotes de restitui\u00e7\u00e3o de 2022. O lote tamb\u00e9m contempla restitui\u00e7\u00f5es de anos anteriores. No pr\u00f3ximo dia [&hellip;]<\/p>\n","protected":false},"author":246,"featured_media":203432,"comment_status":"closed","ping_status":"closed","sticky":false,"template":"","format":"standard","meta":{"footnotes":""},"categories":[436,261,439],"tags":[],"class_list":["post-203431","post","type-post","status-publish","format-standard","has-post-thumbnail","hentry","category-destaque-da-semana","category-economia","category-ultima-hora"],"_links":{"self":[{"href":"https:\/\/diarioregionaldigital.com.br\/index.php?rest_route=\/wp\/v2\/posts\/203431","targetHints":{"allow":["GET"]}}],"collection":[{"href":"https:\/\/diarioregionaldigital.com.br\/index.php?rest_route=\/wp\/v2\/posts"}],"about":[{"href":"https:\/\/diarioregionaldigital.com.br\/index.php?rest_route=\/wp\/v2\/types\/post"}],"author":[{"embeddable":true,"href":"https:\/\/diarioregionaldigital.com.br\/index.php?rest_route=\/wp\/v2\/users\/246"}],"replies":[{"embeddable":true,"href":"https:\/\/diarioregionaldigital.com.br\/index.php?rest_route=%2Fwp%2Fv2%2Fcomments&post=203431"}],"version-history":[{"count":1,"href":"https:\/\/diarioregionaldigital.com.br\/index.php?rest_route=\/wp\/v2\/posts\/203431\/revisions"}],"predecessor-version":[{"id":203433,"href":"https:\/\/diarioregionaldigital.com.br\/index.php?rest_route=\/wp\/v2\/posts\/203431\/revisions\/203433"}],"wp:featuredmedia":[{"embeddable":true,"href":"https:\/\/diarioregionaldigital.com.br\/index.php?rest_route=\/wp\/v2\/media\/203432"}],"wp:attachment":[{"href":"https:\/\/diarioregionaldigital.com.br\/index.php?rest_route=%2Fwp%2Fv2%2Fmedia&parent=203431"}],"wp:term":[{"taxonomy":"category","embeddable":true,"href":"https:\/\/diarioregionaldigital.com.br\/index.php?rest_route=%2Fwp%2Fv2%2Fcategories&post=203431"},{"taxonomy":"post_tag","embeddable":true,"href":"https:\/\/diarioregionaldigital.com.br\/index.php?rest_route=%2Fwp%2Fv2%2Ftags&post=203431"}],"curies":[{"name":"wp","href":"https:\/\/api.w.org\/{rel}","templated":true}]}}