{"id":203428,"date":"2022-08-24T21:57:05","date_gmt":"2022-08-25T00:57:05","guid":{"rendered":"https:\/\/diarioregionaldigital.com.br\/?p=203428"},"modified":"2022-08-24T21:57:05","modified_gmt":"2022-08-25T00:57:05","slug":"economia-ipca-15-tem-deflacao-de-073-em-agosto","status":"publish","type":"post","link":"https:\/\/diarioregionaldigital.com.br\/?p=203428","title":{"rendered":"Economia IPCA-15 tem defla\u00e7\u00e3o de 0,73% em agosto"},"content":{"rendered":"<p align=\"left\">O \u00cdndice Nacional de Pre\u00e7os ao Consumidor Amplo 15 (IPCA-15), a pr\u00e9via da infla\u00e7\u00e3o oficial, registrou defla\u00e7\u00e3o (queda de pre\u00e7os)\u00a0de 0,73% em agosto deste ano. \u00c9 a menor taxa da s\u00e9rie hist\u00f3rica do IPCA-15, iniciada em 1991, segundo o Instituto Brasileiro de Geografia e Estat\u00edstica (IBGE).<img decoding=\"async\" src=\"https:\/\/agenciabrasil.ebc.com.br\/ebc.png?id=1478490&amp;o=node\" \/><img decoding=\"async\" src=\"https:\/\/agenciabrasil.ebc.com.br\/ebc.gif?id=1478490&amp;o=node\" \/><\/p>\n<p align=\"left\">O IPCA-15 havia registrado taxas de infla\u00e7\u00e3o de 0,13% em julho deste ano e de 0,89% em agosto do ano passado. Com o resultado deste m\u00eas, o IPCA-15 acumula taxas de infla\u00e7\u00e3o de 5,02% no ano e de 9,60% em 12 meses.<\/p>\n<p align=\"left\">A queda de pre\u00e7os observada na pr\u00e9via<span id=\"OBJ_PREFIX_DWT135_com_zimbra_date\" role=\"link\">\u00a0de agosto<\/span>\u00a0foi puxada principalmente pelos transportes, que registraram defla\u00e7\u00e3o de que 5,24%. O comportamento deste grupo de despesas foi influenciado pelo recuo dos pre\u00e7os dos combust\u00edveis (-15,33%).<\/p>\n<p align=\"left\">Entre os combust\u00edveis, foram observadas quedas de 16,80% na gasolina, de 10,78% no etanol, de 5,40% no g\u00e1s veicular e de 0,56% no \u00f3leo diesel.<\/p>\n<p align=\"left\">Outros grupos de despesa com defla\u00e7\u00e3o foram habita\u00e7\u00e3o (-0,37%), com destaque para o recuo nos pre\u00e7os da energia el\u00e9trica residencial (-3,29%); e comunica\u00e7\u00e3o (-0,30%).<\/p>\n<p align=\"left\">Por outro lado, os alimentos apresentaram a maior alta de pre\u00e7os do IPCA-15 no per\u00edodo (1,12%), taxa semelhante \u00e0 observada no m\u00eas anterior (1,16%), devido a produtos como o leite longa vida (14,21%), frutas (2,99%), queijo (4,18%) e frango em peda\u00e7os (3,08%).<\/p>\n<p>Tamb\u00e9m tiveram infla\u00e7\u00e3o os grupos de despesa sa\u00fade e cuidados pessoais (0,81%), despesas pessoais (0,81%), vestu\u00e1rio (0,76%), educa\u00e7\u00e3o (0,61%) e artigos de resid\u00eancia (0,08%).<\/p>\n<p><span style=\"font-weight: 400;\">Fonte: Ag\u00eancia Brasil <\/span><\/p>\n","protected":false},"excerpt":{"rendered":"<p>O \u00cdndice Nacional de Pre\u00e7os ao Consumidor Amplo 15 (IPCA-15), a pr\u00e9via da infla\u00e7\u00e3o oficial, registrou defla\u00e7\u00e3o (queda de pre\u00e7os)\u00a0de 0,73% em agosto deste ano. \u00c9 a menor taxa da s\u00e9rie hist\u00f3rica do IPCA-15, iniciada em 1991, segundo o Instituto Brasileiro de Geografia e Estat\u00edstica (IBGE). O IPCA-15 havia registrado taxas de infla\u00e7\u00e3o de 0,13% [&hellip;]<\/p>\n","protected":false},"author":246,"featured_media":203429,"comment_status":"closed","ping_status":"closed","sticky":false,"template":"","format":"standard","meta":{"footnotes":""},"categories":[436,261,439],"tags":[],"class_list":["post-203428","post","type-post","status-publish","format-standard","has-post-thumbnail","hentry","category-destaque-da-semana","category-economia","category-ultima-hora"],"_links":{"self":[{"href":"https:\/\/diarioregionaldigital.com.br\/index.php?rest_route=\/wp\/v2\/posts\/203428","targetHints":{"allow":["GET"]}}],"collection":[{"href":"https:\/\/diarioregionaldigital.com.br\/index.php?rest_route=\/wp\/v2\/posts"}],"about":[{"href":"https:\/\/diarioregionaldigital.com.br\/index.php?rest_route=\/wp\/v2\/types\/post"}],"author":[{"embeddable":true,"href":"https:\/\/diarioregionaldigital.com.br\/index.php?rest_route=\/wp\/v2\/users\/246"}],"replies":[{"embeddable":true,"href":"https:\/\/diarioregionaldigital.com.br\/index.php?rest_route=%2Fwp%2Fv2%2Fcomments&post=203428"}],"version-history":[{"count":1,"href":"https:\/\/diarioregionaldigital.com.br\/index.php?rest_route=\/wp\/v2\/posts\/203428\/revisions"}],"predecessor-version":[{"id":203430,"href":"https:\/\/diarioregionaldigital.com.br\/index.php?rest_route=\/wp\/v2\/posts\/203428\/revisions\/203430"}],"wp:featuredmedia":[{"embeddable":true,"href":"https:\/\/diarioregionaldigital.com.br\/index.php?rest_route=\/wp\/v2\/media\/203429"}],"wp:attachment":[{"href":"https:\/\/diarioregionaldigital.com.br\/index.php?rest_route=%2Fwp%2Fv2%2Fmedia&parent=203428"}],"wp:term":[{"taxonomy":"category","embeddable":true,"href":"https:\/\/diarioregionaldigital.com.br\/index.php?rest_route=%2Fwp%2Fv2%2Fcategories&post=203428"},{"taxonomy":"post_tag","embeddable":true,"href":"https:\/\/diarioregionaldigital.com.br\/index.php?rest_route=%2Fwp%2Fv2%2Ftags&post=203428"}],"curies":[{"name":"wp","href":"https:\/\/api.w.org\/{rel}","templated":true}]}}