{"id":203425,"date":"2022-08-24T21:55:14","date_gmt":"2022-08-25T00:55:14","guid":{"rendered":"https:\/\/diarioregionaldigital.com.br\/?p=203425"},"modified":"2022-08-24T21:55:14","modified_gmt":"2022-08-25T00:55:14","slug":"ibge-2020-registrou-queda-em-servicos-de-alimentacao-e-turismo","status":"publish","type":"post","link":"https:\/\/diarioregionaldigital.com.br\/?p=203425","title":{"rendered":"IBGE: 2020 registrou queda em servi\u00e7os de alimenta\u00e7\u00e3o e turismo"},"content":{"rendered":"<p>No primeiro ano da pandemia de covid-19, em 2020, as maiores quedas no n\u00famero de empresas e de empregos ocorreram no setor de servi\u00e7os prestados \u00e0s fam\u00edlias, que inclui as atividades de alimenta\u00e7\u00e3o e de turismo. As informa\u00e7\u00f5es s\u00e3o da Pesquisa Anual de Servi\u00e7os (PAS) 2020, divulgada\u00a0hoje\u00a0(24) pelo Instituto Brasileiro de Geografia e Estat\u00edstica (IBGE). O levantamento n\u00e3o inclui os servi\u00e7os financeiros.<img decoding=\"async\" src=\"https:\/\/agenciabrasil.ebc.com.br\/ebc.png?id=1478551&amp;o=node\" \/><img decoding=\"async\" src=\"https:\/\/agenciabrasil.ebc.com.br\/ebc.gif?id=1478551&amp;o=node\" \/><\/p>\n<p>De acordo com os dados, de 2019 para 2020, a maior queda proporcional em n\u00famero de empresas ocorreu no setor de servi\u00e7os prestados \u00e0s fam\u00edlias, com uma redu\u00e7\u00e3o de 14,3%. Em pessoal ocupado, houve queda de 16,4% no setor. Entre as atividades, a que mais perdeu pessoal, em n\u00fameros absolutos, foi a de alimenta\u00e7\u00e3o, com uma redu\u00e7\u00e3o de 329,2 mil pessoas. Em percentuais, a maior queda ocorreu em ag\u00eancias de viagens, operadores tur\u00edsticos e outros servi\u00e7os de turismo, que diminuiu em 28,4% os quadros de pessoal.<\/p>\n<p>O gerente da pesquisa, Marcelo Miranda, explica que a PAS traz dados comparativos dos \u00faltimos 10 anos, mas nesta divulga\u00e7\u00e3o foi dado o enfoque na compara\u00e7\u00e3o com 2019, para analisar os impactos da pandemia. Por\u00e9m, ele destaca que a pesquisa n\u00e3o busca apontar as causas das varia\u00e7\u00f5es.<\/p>\n<p>\u201cA pesquisa n\u00e3o tenta verificar rela\u00e7\u00f5es de causalidade entre os elementos conjunturais e a evolu\u00e7\u00e3o dos indicadores apresentados. No senso comum, a gente pode ver muitos dados que corroboram o pensamento comum do que a pandemia pode\u00a0ter\u00a0causado l\u00e1 no ano de 2020, mas a gente n\u00e3o faz essa an\u00e1lise de causalidade\u201d.<\/p>\n<p>Nos dados gerais, o n\u00famero de empresas do setor de Servi\u00e7os caiu 1,1% frente a 2019. O pessoal ocupado diminuiu 2,4% e o total pago em remunera\u00e7\u00f5es reduziu 4%.\u00a0\u00a0Houve aumento de pessoas ocupadas na atividade de sele\u00e7\u00e3o, agenciamento e loca\u00e7\u00e3o de m\u00e3o de obra, com o maior crescimento tanto em termos absolutos (143,1 mil pessoas) como percentuais (22,2%).<\/p>\n<p>Na compara\u00e7\u00e3o com 2019, enquanto o (PIB) brasileiro caiu 3,9% em 2020, o PIB do setor de servi\u00e7os recuou 4,3%, gerando R$ 1,8 trilh\u00e3o de receita operacional l\u00edquida. Os maiores aumentos em participa\u00e7\u00e3o na receita de um ano para o outro foram servi\u00e7os profissionais, administrativos e complementares (1,7 ponto percentual) e outras atividades de servi\u00e7os (1,3 ponto percentual). As maiores quedas foram de servi\u00e7os prestados principalmente \u00e0s fam\u00edlias (2,6 pontos percentuais) e transportes, servi\u00e7os auxiliares aos transportes e correio (1 ponto percentual).<\/p>\n<h2>Panorama<\/h2>\n<div class=\"dnd-widget-wrapper context-cheio_8colunas type-image\">\n<div class=\"dnd-atom-rendered\">\n<div class=\"shadow overflow-hidden rounded-lg d-block zoom-on-hover-sm shadow-hover w-100\"><img decoding=\"async\" class=\"flex-fill img-cover\" title=\"T\u00e2nia R\u00eago\/Ag\u00eancia Brasil\" src=\"https:\/\/imagens.ebc.com.br\/zt37RunJzaQ010twvLhG-L2OsmI=\/754x0\/smart\/https:\/\/agenciabrasil.ebc.com.br\/sites\/default\/files\/thumbnails\/image\/trbr1213.jpg?itok=8WpZ2_tX\" alt=\"Ag\u00eancia de viagem aberta no centro da cidade. IBGE divulga Pesquisa Anual de Servi\u00e7os (PAS) referente a 2020.\" \/><\/div>\n<\/div>\n<div class=\"dnd-caption-wrapper\">\n<div class=\"meta\">A atividade que mais perdeu pessoal, em 2020, em termos percentuais, foi o setor de ag\u00eancias de viagens, operadores tur\u00edsticos e outros servi\u00e7os de turismo, que diminuiu em 28,4% os quadros de pessoal.-\u00a0<strong>T\u00e2nia R\u00eago\/Ag\u00eancia Brasil<\/strong><\/div>\n<\/div>\n<\/div>\n<p>No ano de 2020, o setor de servi\u00e7os n\u00e3o financeiros tinha 1,4 milh\u00e3o de empresas, que geraram R$ 1,8 trilh\u00e3o em receita operacional l\u00edquida e R$ 1,1 trilh\u00e3o de valor adicionado. O setor empregava 12,5 milh\u00f5es de pessoas, que receberam R$ 373,5 bilh\u00f5es em sal\u00e1rios, retiradas e outras remunera\u00e7\u00f5es.<\/p>\n<p>A remunera\u00e7\u00e3o m\u00e9dia mensal foi de 2,2 sal\u00e1rios m\u00ednimos, abaixo dos 2,5 registrados em 2011. A maior remunera\u00e7\u00e3o em sal\u00e1rios m\u00e9dios continuou em servi\u00e7os de informa\u00e7\u00e3o e comunica\u00e7\u00e3o, com 4,5 sal\u00e1rios m\u00ednimos, apesar da redu\u00e7\u00e3o de 1 sal\u00e1rio m\u00ednimo, em 10 anos. A queda foi influenciada pela atividade de telecomunica\u00e7\u00f5es, que reduziu em 2,1 sal\u00e1rios m\u00ednimos as remunera\u00e7\u00f5es no per\u00edodo analisado. Servi\u00e7os prestados principalmente \u00e0s fam\u00edlias tiveram a m\u00e9dia salarial mais baixa, com 1,4 sal\u00e1rio m\u00ednimo em 2020.<\/p>\n<p>O maior n\u00famero de empresas est\u00e1 nos servi\u00e7os profissionais, administrativos e complementares (504,5 mil empresas e 5,5 milh\u00f5es de pessoas ocupadas) e nos servi\u00e7os prestados principalmente \u00e0s fam\u00edlias (357,8 mil empresas e 467,9 mil ocupa\u00e7\u00f5es) que, juntos, somam 63% do total.<\/p>\n<p>De 2011 para 2020, a m\u00e9dia de ocupa\u00e7\u00e3o caiu\u00a0de dez\u00a0para nove pessoas por empresa, com as de maior porte sendo no segmento de transportes, servi\u00e7os auxiliares aos transportes e correio, que tinha a maior m\u00e9dia 15 trabalhadores. Em transportes a\u00e9reos, houve uma redu\u00e7\u00e3o m\u00e9dia de 41 pessoas por empresa.<\/p>\n<h2>Participa\u00e7\u00e3o regional<\/h2>\n<p>No per\u00edodo analisado, tr\u00eas das cinco grandes regi\u00f5es do pa\u00eds perderam participa\u00e7\u00e3o em receita. O Sudeste concentrou a maior parcela da receita bruta, mas perdeu 0,7 ponto percentual, passando de 66,1% em 2011 para 65,4% do total nacional em 2020. O Nordeste caiu de 10,2% para 9,5% e o Norte passou de 2,8% para 2,6%. O Sul subiu sua participa\u00e7\u00e3o de 14,1% para 15% e o Centro-Oeste foi de 6,8% para 7,4%.<\/p>\n<p>As perdas nos sal\u00e1rios ocorreram em todas as regi\u00f5es sendo de 0,3 sal\u00e1rio m\u00ednimo, no Sudeste, Norte e Centro-Oeste e de 0,2 sal\u00e1rio m\u00ednimo, no Sul e no Nordeste.<\/p>\n<p><span style=\"font-weight: 400;\">Fonte: Ag\u00eancia Brasil <\/span><\/p>\n","protected":false},"excerpt":{"rendered":"<p>No primeiro ano da pandemia de covid-19, em 2020, as maiores quedas no n\u00famero de empresas e de empregos ocorreram no setor de servi\u00e7os prestados \u00e0s fam\u00edlias, que inclui as atividades de alimenta\u00e7\u00e3o e de turismo. As informa\u00e7\u00f5es s\u00e3o da Pesquisa Anual de Servi\u00e7os (PAS) 2020, divulgada\u00a0hoje\u00a0(24) pelo Instituto Brasileiro de Geografia e Estat\u00edstica (IBGE). [&hellip;]<\/p>\n","protected":false},"author":246,"featured_media":203426,"comment_status":"closed","ping_status":"closed","sticky":false,"template":"","format":"standard","meta":{"footnotes":""},"categories":[436,261,439],"tags":[],"class_list":["post-203425","post","type-post","status-publish","format-standard","has-post-thumbnail","hentry","category-destaque-da-semana","category-economia","category-ultima-hora"],"_links":{"self":[{"href":"https:\/\/diarioregionaldigital.com.br\/index.php?rest_route=\/wp\/v2\/posts\/203425","targetHints":{"allow":["GET"]}}],"collection":[{"href":"https:\/\/diarioregionaldigital.com.br\/index.php?rest_route=\/wp\/v2\/posts"}],"about":[{"href":"https:\/\/diarioregionaldigital.com.br\/index.php?rest_route=\/wp\/v2\/types\/post"}],"author":[{"embeddable":true,"href":"https:\/\/diarioregionaldigital.com.br\/index.php?rest_route=\/wp\/v2\/users\/246"}],"replies":[{"embeddable":true,"href":"https:\/\/diarioregionaldigital.com.br\/index.php?rest_route=%2Fwp%2Fv2%2Fcomments&post=203425"}],"version-history":[{"count":1,"href":"https:\/\/diarioregionaldigital.com.br\/index.php?rest_route=\/wp\/v2\/posts\/203425\/revisions"}],"predecessor-version":[{"id":203427,"href":"https:\/\/diarioregionaldigital.com.br\/index.php?rest_route=\/wp\/v2\/posts\/203425\/revisions\/203427"}],"wp:featuredmedia":[{"embeddable":true,"href":"https:\/\/diarioregionaldigital.com.br\/index.php?rest_route=\/wp\/v2\/media\/203426"}],"wp:attachment":[{"href":"https:\/\/diarioregionaldigital.com.br\/index.php?rest_route=%2Fwp%2Fv2%2Fmedia&parent=203425"}],"wp:term":[{"taxonomy":"category","embeddable":true,"href":"https:\/\/diarioregionaldigital.com.br\/index.php?rest_route=%2Fwp%2Fv2%2Fcategories&post=203425"},{"taxonomy":"post_tag","embeddable":true,"href":"https:\/\/diarioregionaldigital.com.br\/index.php?rest_route=%2Fwp%2Fv2%2Ftags&post=203425"}],"curies":[{"name":"wp","href":"https:\/\/api.w.org\/{rel}","templated":true}]}}