{"id":203416,"date":"2022-08-23T22:12:53","date_gmt":"2022-08-24T01:12:53","guid":{"rendered":"https:\/\/diarioregionaldigital.com.br\/?p=203416"},"modified":"2022-08-23T22:12:53","modified_gmt":"2022-08-24T01:12:53","slug":"programa-boniteza-realiza-limpeza-e-poda-de-grama-em-mais-de-70-escadoes-na-cidade","status":"publish","type":"post","link":"https:\/\/diarioregionaldigital.com.br\/?p=203416","title":{"rendered":"Programa Boniteza realiza limpeza e poda de grama em mais de 70 escad\u00f5es na cidade"},"content":{"rendered":"<p>Segundo informa\u00e7\u00f5es do site da Prefeitura de Juiz de Fora (PJF), desde o dia 4 de agosto, a Prefeitura de Juiz de Fora (PJF) vem intensificando os trabalhos de limpeza de escad\u00f5es em diversos bairros da cidade. Agora, al\u00e9m do Departamento Municipal de Limpeza Urbana (Demlurb), equipes da Empresa Municipal de Pavimenta\u00e7\u00e3o e Urbanidades (Empav) tamb\u00e9m t\u00eam atuado na zeladoria destas vias de passagem p\u00fablicas.<\/p>\n<p>Somente entre os dias 4 e 23 de agosto, a Empav j\u00e1 executou a limpeza em mais de 75 escad\u00f5es, facilitando o acesso de centenas de pessoas \u00e0s suas casas, al\u00e9m de aumentar a seguran\u00e7a e a visibilidade dos locais.<\/p>\n<p>Os trabalhos seguem em andamento e, nesta ter\u00e7a-feira, 23, foi a vez dos bairros Nova Era, Retiro, Santa Terezinha e Vila Ideal receberem atendimento.<\/p>\n<p><strong>Limpeza das pra\u00e7as<\/strong><\/p>\n<p>Quem transita pela cidade j\u00e1 deve ter percebido que as pra\u00e7as, os trevos e os canteiros est\u00e3o limpos e podados. Isso n\u00e3o se deve apenas \u00e0 falta de chuva. Al\u00e9m da amplia\u00e7\u00e3o do atendimento de limpeza nos escad\u00f5es, a PJF refor\u00e7ou tamb\u00e9m a varri\u00e7\u00e3o e o recolhimento de res\u00edduos nas pra\u00e7as do munic\u00edpio.<\/p>\n<p>\u00c9 v\u00e1lido lembrar sempre que cuidar dos espa\u00e7os p\u00fablicos \u00e9 um dever de toda a popula\u00e7\u00e3o. A Prefeitura segue firme no compromisso de deixar a cidade sempre limpa e bem cuidada para todos e todas.<\/p>\n<p>A programa\u00e7\u00e3o completa das atividades realizadas pela Empav pode ser acompanhada diariamente atrav\u00e9s da p\u00e1gina do Gabinete de A\u00e7\u00e3o e Di\u00e1logo Comunit\u00e1rio, pelo<a href=\"https:\/\/www.pjf.mg.gov.br\/gabinetecomunitario\/#onde\">\u00a0<strong>link<\/strong><\/a>.<\/p>\n<p>Todas as a\u00e7\u00f5es de reestrutura\u00e7\u00e3o, urbaniza\u00e7\u00e3o e zeladoria realizadas pela Empav fazem parte do Programa Boniteza. Estes e outros servi\u00e7os podem ser solicitados atrav\u00e9s do Gabinete de A\u00e7\u00e3o e Di\u00e1logo Comunit\u00e1rio, que recebe e organiza pedidos relativos a interven\u00e7\u00f5es e melhorias urbanas. O contato pode ser feito por liga\u00e7\u00e3o telef\u00f4nica, pelo n\u00famero (32) 3690-7241 ou, ainda, via WhatsApp, utilizando o mesmo n\u00famero.<\/p>\n","protected":false},"excerpt":{"rendered":"<p>Segundo informa\u00e7\u00f5es do site da Prefeitura de Juiz de Fora (PJF), desde o dia 4 de agosto, a Prefeitura de Juiz de Fora (PJF) vem intensificando os trabalhos de limpeza de escad\u00f5es em diversos bairros da cidade. Agora, al\u00e9m do Departamento Municipal de Limpeza Urbana (Demlurb), equipes da Empresa Municipal de Pavimenta\u00e7\u00e3o e Urbanidades (Empav) [&hellip;]<\/p>\n","protected":false},"author":246,"featured_media":203417,"comment_status":"closed","ping_status":"closed","sticky":false,"template":"","format":"standard","meta":{"footnotes":""},"categories":[253,436,439],"tags":[],"class_list":["post-203416","post","type-post","status-publish","format-standard","has-post-thumbnail","hentry","category-cidade","category-destaque-da-semana","category-ultima-hora"],"_links":{"self":[{"href":"https:\/\/diarioregionaldigital.com.br\/index.php?rest_route=\/wp\/v2\/posts\/203416","targetHints":{"allow":["GET"]}}],"collection":[{"href":"https:\/\/diarioregionaldigital.com.br\/index.php?rest_route=\/wp\/v2\/posts"}],"about":[{"href":"https:\/\/diarioregionaldigital.com.br\/index.php?rest_route=\/wp\/v2\/types\/post"}],"author":[{"embeddable":true,"href":"https:\/\/diarioregionaldigital.com.br\/index.php?rest_route=\/wp\/v2\/users\/246"}],"replies":[{"embeddable":true,"href":"https:\/\/diarioregionaldigital.com.br\/index.php?rest_route=%2Fwp%2Fv2%2Fcomments&post=203416"}],"version-history":[{"count":1,"href":"https:\/\/diarioregionaldigital.com.br\/index.php?rest_route=\/wp\/v2\/posts\/203416\/revisions"}],"predecessor-version":[{"id":203418,"href":"https:\/\/diarioregionaldigital.com.br\/index.php?rest_route=\/wp\/v2\/posts\/203416\/revisions\/203418"}],"wp:featuredmedia":[{"embeddable":true,"href":"https:\/\/diarioregionaldigital.com.br\/index.php?rest_route=\/wp\/v2\/media\/203417"}],"wp:attachment":[{"href":"https:\/\/diarioregionaldigital.com.br\/index.php?rest_route=%2Fwp%2Fv2%2Fmedia&parent=203416"}],"wp:term":[{"taxonomy":"category","embeddable":true,"href":"https:\/\/diarioregionaldigital.com.br\/index.php?rest_route=%2Fwp%2Fv2%2Fcategories&post=203416"},{"taxonomy":"post_tag","embeddable":true,"href":"https:\/\/diarioregionaldigital.com.br\/index.php?rest_route=%2Fwp%2Fv2%2Ftags&post=203416"}],"curies":[{"name":"wp","href":"https:\/\/api.w.org\/{rel}","templated":true}]}}