{"id":203409,"date":"2022-08-23T22:07:11","date_gmt":"2022-08-24T01:07:11","guid":{"rendered":"https:\/\/diarioregionaldigital.com.br\/?p=203409"},"modified":"2022-08-23T22:07:11","modified_gmt":"2022-08-24T01:07:11","slug":"avanco-nas-obras-de-despoluicao-do-rio-paraibuna-gera-desvio-de-20-linhas-de-onibus-na-zona-sul","status":"publish","type":"post","link":"https:\/\/diarioregionaldigital.com.br\/?p=203409","title":{"rendered":"Avan\u00e7o nas obras de Despolui\u00e7\u00e3o do Rio Paraibuna gera desvio de 20 linhas de \u00f4nibus na Zona Sul"},"content":{"rendered":"<p>Segundo informa\u00e7\u00f5es do site da Prefeitura de Juiz de Fora (PJF), para a implanta\u00e7\u00e3o do tronco coletor de esgoto do bairro Santa Luzia, mais um importante passo para a despolui\u00e7\u00e3o do Rio Paraibuna e dos c\u00f3rregos da cidade, a Avenida Ibitiguaia ser\u00e1 interditada no trecho ap\u00f3s a interse\u00e7\u00e3o com a Rua Thereza Nogueira dos Santos at\u00e9 o entroncamento com a Avenida Santa Luzia, no sentido Ipiranga para o bairro Santa Luzia, a partir desta sexta-feira, 26. Por este motivo, 20 linhas de \u00f4nibus que atendem a regi\u00e3o v\u00e3o ter o itiner\u00e1rio alterado no sentido bairro\/Centro. S\u00e3o elas: 106, 113, 114, 118, 129, 130, 131, 132, 133, 134, 135, 136, 137, 140, 141, 142, 143, 145, 190 e 590.<\/p>\n<p>&nbsp;<\/p>\n<p>A previs\u00e3o \u00e9 que a obra na Avenida Ibitiguaia tenha dura\u00e7\u00e3o de um m\u00eas. Um trecho das avenidas Ibitiguaia e S\u00e9rgio Vieira Mendes, que margeiam o C\u00f3rrego Ipiranga, ser\u00e3o invertidos. J\u00e1 na Rua Dr. Costa Reis, a circula\u00e7\u00e3o ser\u00e1 limitada apenas no sentido Teixeira\/Santa Luzia. A Rua Renato Pandolfi, no Ipiranga, passa a ser trajeto de todas as vinte linhas de \u00f4nibus e dos ve\u00edculos pesados, por isso, o estacionamento em ambos os lados da via ser\u00e1 terminantemente proibido. O desvio montado para o transporte coletivo e para os ve\u00edculos pesados \u00e9 diferente do destinado aos carros e motos, que devem seguir do bairro Ipiranga em dire\u00e7\u00e3o ao Centro pelo bairro Teixeiras, utilizando o seguinte trajeto: Rua Thereza Nogueira dos Santos, Av. Ibitiguaia, Av. S\u00e9rgio Vieira Mendes e depois acessar o bairro Cascatinha pela Avenida Pantaleone Arcuri.<\/p>\n<p>&nbsp;<\/p>\n<p>As duas linhas da Zona Sul que atendem \u00e0 Universidade Federal de Juiz de Fora (UFJF), a 190 e 590, al\u00e9m da altera\u00e7\u00e3o de itiner\u00e1rio, v\u00e3o passar por invers\u00e3o na ordem do atendimento aos bairros. At\u00e9 o momento, as linhas atendem primeiro ao bairro Santa Luzia para depois seguirem em dire\u00e7\u00e3o ao Sagrado Cora\u00e7\u00e3o. A partir desta sexta-feira, 26, o \u00f4nibus vai circular atendendo primeiramente aos moradores do Sagrado Cora\u00e7\u00e3o e, posteriormente, \u00e0 popula\u00e7\u00e3o de Santa Luzia. Essa altera\u00e7\u00e3o ocorre somente no sentido bairro\/UFJF.<\/p>\n<p>&nbsp;<\/p>\n<p>Os agentes de transporte e tr\u00e2nsito da Secretaria de Mobilidade Urbana (SMU) estar\u00e3o presentes durante as mudan\u00e7as para orientar motoristas e passageiros al\u00e9m de fiscalizar todas as altera\u00e7\u00f5es de tr\u00e2nsito e itiner\u00e1rio.<\/p>\n<p>&nbsp;<\/p>\n<p><strong>Confira as altera\u00e7\u00f5es de itiner\u00e1rios de cada linha no sentido Bairro\/Centro:<\/strong><\/p>\n<p>&nbsp;<\/p>\n<p><strong>Linhas 106, 113, 114, 118, 134, 135, 136, 137, 140 e 145:<\/strong><\/p>\n<p>&#8211; Itiner\u00e1rio bairro\/Centro:&#8230;Rua Bady Geara, Avenida Darcy Vargas, Rua Augusta Sobreira Tostes, Rua Renato Pandolfi, Rua Almiro Ribeiro de Toledo, Rua Elvira Bellei, Rua Jos\u00e9 Nunes Leal, Avenida Santa Luzia, Rua \u00c1gua Limpa, Rua Ch\u00e1cara, Rua Dom Silv\u00e9rio, Rua Bar\u00e3o de Aquino, Rua Belmiro Braga, Avenida Bar\u00e3o do Rio Branco&#8230;<\/p>\n<p>&nbsp;<\/p>\n<p><strong>Linhas 129, 130, 131 e 133<\/strong><\/p>\n<p>&#8211; Itiner\u00e1rio bairro\/Centro:&#8230;Avenida Darcy Vargas, Rua Augusta Sobreira Tostes, Rua Renato Pandolfi, Rua Almiro Ribeiro de Toledo, Rua Elvira Bellei, Rua Jos\u00e9 Nunes Leal, Avenida Santa Luzia, Rua \u00c1gua Limpa, Rua Ch\u00e1cara, Rua Dom Silv\u00e9rio, Rua Bar\u00e3o de Aquino, Rua Belmiro Braga, Avenida Bar\u00e3o do Rio Branco&#8230;<\/p>\n<p>&nbsp;<\/p>\n<p><strong>Linha 132<\/strong><\/p>\n<p>&#8211; Itiner\u00e1rio bairro\/Centro: Rua Elmaia Cunha \u2013 Ponto Final, Rua Almiro Ribeiro de Toledo, Rua Elvira Bellei, Rua Jos\u00e9 Nunes Leal, Avenida Santa Luzia, Rua \u00c1gua Limpa, Rua Ch\u00e1cara, Rua Dom Silv\u00e9rio, Rua Bar\u00e3o de Aquino, Rua Belmiro Braga, Avenida Bar\u00e3o do Rio Branco&#8230;<\/p>\n<p>&nbsp;<\/p>\n<p><strong>Linhas 141, 142 e 143<\/strong><\/p>\n<p>&#8211; Itiner\u00e1rio bairro\/Centro:&#8230;Rua Dr. Costa Reis, Avenida Darcy Vargas, Rua Augusta Sobreira Tostes, Rua Renato Pandolfi, Rua Almiro Ribeiro de Toledo, Rua Elvira Bellei, Rua Jos\u00e9 Nunes Leal, Avenida Santa Luzia, Rua \u00c1gua Limpa, Rua Ch\u00e1cara, Rua Dom Silv\u00e9rio, Rua Bar\u00e3o de Aquino, Rua Belmiro Braga, Avenida Bar\u00e3o do Rio Branco&#8230;<\/p>\n<p><strong>Linhas 190 e 590<\/strong><\/p>\n<p>&#8211; Itiner\u00e1rio bairro\/Centro:&#8230;Rua Dr. Costa Reis, Avenida Darcy Vargas, Rua Bady Geara\u2026<\/p>\n<p>Observa\u00e7\u00e3o: A regi\u00e3o de Santa Luzia ser\u00e1 atendida ap\u00f3s o ponto final do Bairro Sagrado Cora\u00e7\u00e3o.<\/p>\n<p>&nbsp;<\/p>\n<p><strong>Despolui\u00e7\u00e3o do Rio Paraibuna<\/strong><\/p>\n<p>&nbsp;<\/p>\n<p>A despolui\u00e7\u00e3o do Rio Paraibuna e dos c\u00f3rregos da cidade \u00e9 mais uma importante obra que a Prefeitura de Juiz de Fora (PJF) est\u00e1 realizando atualmente. Em Santa Luzia, ser\u00e3o instaladas aproximadamente 7.800 metros de novas tubula\u00e7\u00f5es nas duas margens do curso d&#8217;\u00e1gua, com isso, o esgoto que antes era despejado no c\u00f3rrego, ser\u00e1 encaminhado para uma unidade de tratamento, preservando o meio ambiente e melhorando a qualidade de vida dos moradores da regi\u00e3o.\u00a0A implanta\u00e7\u00e3o do coletor tronco Santa Luzia permitir\u00e1 ampliar em mais 12% o volume de esgoto tratado na cidade.<\/p>\n","protected":false},"excerpt":{"rendered":"<p>Segundo informa\u00e7\u00f5es do site da Prefeitura de Juiz de Fora (PJF), para a implanta\u00e7\u00e3o do tronco coletor de esgoto do bairro Santa Luzia, mais um importante passo para a despolui\u00e7\u00e3o do Rio Paraibuna e dos c\u00f3rregos da cidade, a Avenida Ibitiguaia ser\u00e1 interditada no trecho ap\u00f3s a interse\u00e7\u00e3o com a Rua Thereza Nogueira dos Santos [&hellip;]<\/p>\n","protected":false},"author":246,"featured_media":203410,"comment_status":"closed","ping_status":"closed","sticky":false,"template":"","format":"standard","meta":{"footnotes":""},"categories":[253,436,439],"tags":[],"class_list":["post-203409","post","type-post","status-publish","format-standard","has-post-thumbnail","hentry","category-cidade","category-destaque-da-semana","category-ultima-hora"],"_links":{"self":[{"href":"https:\/\/diarioregionaldigital.com.br\/index.php?rest_route=\/wp\/v2\/posts\/203409","targetHints":{"allow":["GET"]}}],"collection":[{"href":"https:\/\/diarioregionaldigital.com.br\/index.php?rest_route=\/wp\/v2\/posts"}],"about":[{"href":"https:\/\/diarioregionaldigital.com.br\/index.php?rest_route=\/wp\/v2\/types\/post"}],"author":[{"embeddable":true,"href":"https:\/\/diarioregionaldigital.com.br\/index.php?rest_route=\/wp\/v2\/users\/246"}],"replies":[{"embeddable":true,"href":"https:\/\/diarioregionaldigital.com.br\/index.php?rest_route=%2Fwp%2Fv2%2Fcomments&post=203409"}],"version-history":[{"count":2,"href":"https:\/\/diarioregionaldigital.com.br\/index.php?rest_route=\/wp\/v2\/posts\/203409\/revisions"}],"predecessor-version":[{"id":203412,"href":"https:\/\/diarioregionaldigital.com.br\/index.php?rest_route=\/wp\/v2\/posts\/203409\/revisions\/203412"}],"wp:featuredmedia":[{"embeddable":true,"href":"https:\/\/diarioregionaldigital.com.br\/index.php?rest_route=\/wp\/v2\/media\/203410"}],"wp:attachment":[{"href":"https:\/\/diarioregionaldigital.com.br\/index.php?rest_route=%2Fwp%2Fv2%2Fmedia&parent=203409"}],"wp:term":[{"taxonomy":"category","embeddable":true,"href":"https:\/\/diarioregionaldigital.com.br\/index.php?rest_route=%2Fwp%2Fv2%2Fcategories&post=203409"},{"taxonomy":"post_tag","embeddable":true,"href":"https:\/\/diarioregionaldigital.com.br\/index.php?rest_route=%2Fwp%2Fv2%2Ftags&post=203409"}],"curies":[{"name":"wp","href":"https:\/\/api.w.org\/{rel}","templated":true}]}}