{"id":203315,"date":"2022-08-22T20:12:43","date_gmt":"2022-08-22T23:12:43","guid":{"rendered":"https:\/\/diarioregionaldigital.com.br\/?p=203315"},"modified":"2022-08-22T20:12:43","modified_gmt":"2022-08-22T23:12:43","slug":"bolsa-tem-segunda-queda-seguida-e-recua-089","status":"publish","type":"post","link":"https:\/\/diarioregionaldigital.com.br\/?p=203315","title":{"rendered":"Bolsa tem segunda queda seguida e recua 0,89%"},"content":{"rendered":"<p>Apesar da turbul\u00eancia no mercado internacional, o d\u00f3lar fechou praticamente est\u00e1vel, ap\u00f3s encostar em R$ 5,20 no fim da manh\u00e3. O destaque foi o euro, que passou a valer menos que a moeda norte-americana pela primeira vez em 20 anos. A bolsa de valores tamb\u00e9m caiu, puxada pela instabilidade nos Estados Unidos.<img decoding=\"async\" src=\"https:\/\/agenciabrasil.ebc.com.br\/ebc.png?id=1478128&amp;o=node\" \/><img decoding=\"async\" src=\"https:\/\/agenciabrasil.ebc.com.br\/ebc.gif?id=1478128&amp;o=node\" \/><\/p>\n<p>O d\u00f3lar comercial encerrou esta\u00a0segunda-feira (22) vendido a R$ 5,167, com recuo de apenas 0,03%. A cota\u00e7\u00e3o iniciou o dia em alta, chegando a R$ 5,20 por diversas vezes entre as 11h e as 12h. A partir do in\u00edcio da tarde, a moeda desacelerou, beneficiada pela recupera\u00e7\u00e3o das\u00a0<em>commoditites<\/em>\u00a0(bens prim\u00e1rios com cota\u00e7\u00e3o internacional) e pelos juros altos nos pa\u00edses emergentes.<\/p>\n<p>O euro comercial recuou ao longo de todo o dia e fechou a R$ 5,138, com queda de 0,98%. Desde 2002, ano de sua cria\u00e7\u00e3o, a moeda n\u00e3o ficava abaixo do d\u00f3lar. O euro foi afetado pelo agravamento da crise energ\u00e9tica na Europa, que traz a amea\u00e7a de recess\u00e3o ao continente. Em caso de retra\u00e7\u00e3o econ\u00f4mica, o Banco Central Europeu teria pouca margem de manobra para elevar os juros, diferentemente do Federal Reserve (Fed, Banco Central norte-americano).<\/p>\n<p>No mercado de a\u00e7\u00f5es, o dia tamb\u00e9m foi marcado pela turbul\u00eancia. O \u00edndice Ibovespa, da B3, fechou aos 110.501 pontos, com queda de 0,89%. No in\u00edcio das negocia\u00e7\u00f5es, o indicador chegou a cair abaixo dos 110 mil pontos. No entanto, a entrada de alguns fluxos de capitais estrangeiros e a divulga\u00e7\u00e3o de lucros de empresas varejistas diminu\u00edram o ritmo de queda.<\/p>\n<p>Nesta semana, o mercado financeiro global est\u00e1 sob a expectativa do discurso do presidente do Fed, Jerome Powell, na\u00a0sexta-feira (26) no encontro anual de presidentes de bancos centrais em Jackson Hole, nos Estados Unidos. Os investidores esperam pistas sobre o ritmo de aumento dos juros b\u00e1sicos na pr\u00f3xima reuni\u00e3o do Fed.<\/p>\n<p>Na ata do \u00faltimo encontro, divulgada na semana passada, o Fed informou que manter\u00e1 os juros altos nos Estados Unidos enquanto a infla\u00e7\u00e3o estiver elevada. Isso trouxe d\u00favidas se o \u00f3rg\u00e3o elevar\u00e1 os juros em 0,5 ponto ou 0,75 ponto percentual na pr\u00f3xima reuni\u00e3o. Taxas mais altas em economias avan\u00e7adas estimulam a fuga de recursos de pa\u00edses emergentes, como o Brasil.<\/p>\n<p><span style=\"font-weight: 400;\"><br \/>\n<\/span><span style=\"font-weight: 400;\">Fonte: Ag\u00eancia Brasil <\/span><\/p>\n","protected":false},"excerpt":{"rendered":"<p>Apesar da turbul\u00eancia no mercado internacional, o d\u00f3lar fechou praticamente est\u00e1vel, ap\u00f3s encostar em R$ 5,20 no fim da manh\u00e3. O destaque foi o euro, que passou a valer menos que a moeda norte-americana pela primeira vez em 20 anos. A bolsa de valores tamb\u00e9m caiu, puxada pela instabilidade nos Estados Unidos. O d\u00f3lar comercial [&hellip;]<\/p>\n","protected":false},"author":246,"featured_media":203316,"comment_status":"closed","ping_status":"closed","sticky":false,"template":"","format":"standard","meta":{"footnotes":""},"categories":[436,261,439],"tags":[],"class_list":["post-203315","post","type-post","status-publish","format-standard","has-post-thumbnail","hentry","category-destaque-da-semana","category-economia","category-ultima-hora"],"_links":{"self":[{"href":"https:\/\/diarioregionaldigital.com.br\/index.php?rest_route=\/wp\/v2\/posts\/203315","targetHints":{"allow":["GET"]}}],"collection":[{"href":"https:\/\/diarioregionaldigital.com.br\/index.php?rest_route=\/wp\/v2\/posts"}],"about":[{"href":"https:\/\/diarioregionaldigital.com.br\/index.php?rest_route=\/wp\/v2\/types\/post"}],"author":[{"embeddable":true,"href":"https:\/\/diarioregionaldigital.com.br\/index.php?rest_route=\/wp\/v2\/users\/246"}],"replies":[{"embeddable":true,"href":"https:\/\/diarioregionaldigital.com.br\/index.php?rest_route=%2Fwp%2Fv2%2Fcomments&post=203315"}],"version-history":[{"count":1,"href":"https:\/\/diarioregionaldigital.com.br\/index.php?rest_route=\/wp\/v2\/posts\/203315\/revisions"}],"predecessor-version":[{"id":203317,"href":"https:\/\/diarioregionaldigital.com.br\/index.php?rest_route=\/wp\/v2\/posts\/203315\/revisions\/203317"}],"wp:featuredmedia":[{"embeddable":true,"href":"https:\/\/diarioregionaldigital.com.br\/index.php?rest_route=\/wp\/v2\/media\/203316"}],"wp:attachment":[{"href":"https:\/\/diarioregionaldigital.com.br\/index.php?rest_route=%2Fwp%2Fv2%2Fmedia&parent=203315"}],"wp:term":[{"taxonomy":"category","embeddable":true,"href":"https:\/\/diarioregionaldigital.com.br\/index.php?rest_route=%2Fwp%2Fv2%2Fcategories&post=203315"},{"taxonomy":"post_tag","embeddable":true,"href":"https:\/\/diarioregionaldigital.com.br\/index.php?rest_route=%2Fwp%2Fv2%2Ftags&post=203315"}],"curies":[{"name":"wp","href":"https:\/\/api.w.org\/{rel}","templated":true}]}}