{"id":203304,"date":"2022-08-19T20:23:47","date_gmt":"2022-08-19T23:23:47","guid":{"rendered":"https:\/\/diarioregionaldigital.com.br\/?p=203304"},"modified":"2022-08-19T20:23:47","modified_gmt":"2022-08-19T23:23:47","slug":"prefeitura-promove-cafe-solidario-para-a-populacao-em-situacao-de-rua","status":"publish","type":"post","link":"https:\/\/diarioregionaldigital.com.br\/?p=203304","title":{"rendered":"Prefeitura promove caf\u00e9 solid\u00e1rio para a popula\u00e7\u00e3o em situa\u00e7\u00e3o de rua"},"content":{"rendered":"<p>Segundo informa\u00e7\u00f5es do site da Prefeitura de Juiz de Fora (PJF), dando continuidade \u00e0s atividades do Dia Nacional de Luta da Popula\u00e7\u00e3o em Situa\u00e7\u00e3o de Rua, a Prefeitura de Juiz de Fora (PJF) realizou, na manh\u00e3 desta sexta-feira, 19, na Funda\u00e7\u00e3o Maria M\u00e3e, um caf\u00e9 solid\u00e1rio. O evento contou com a presen\u00e7a de secret\u00e1rios municipais, do Comit\u00ea Intersetorial da Pol\u00edtica Municipal para a Popula\u00e7\u00e3o em Situa\u00e7\u00e3o de Rua (Pop Rua) e de pessoas em situa\u00e7\u00e3o de rua. Todas essas a\u00e7\u00f5es visam criar um espa\u00e7o de acolhimento para essas pessoas que, na maioria das vezes, n\u00e3o t\u00eam acesso \u00e0s condi\u00e7\u00f5es b\u00e1sicas.<\/p>\n<p>&nbsp;<\/p>\n<p>Para a secret\u00e1ria de Governo, Cidinha Louzada, essa a\u00e7\u00e3o \u00e9 de extrema import\u00e2ncia, refor\u00e7ando a atua\u00e7\u00e3o da Prefeitura na assist\u00eancia e garantia de direitos dessa parcela da popula\u00e7\u00e3o. \u201cDesde o primeiro dia que tomamos posse, a prefeita pediu a visibilidade e o nosso apoio \u00e0 popula\u00e7\u00e3o em situa\u00e7\u00e3o de rua. Queremos tir\u00e1-los dessa invisibilidade. Entendemos que a situa\u00e7\u00e3o \u00e9 dif\u00edcil, mas precisamos encontrar a sa\u00edda no desenvolvimento de pol\u00edticas p\u00fablicas. A comida \u00e9 importante e a casa tamb\u00e9m, mas precisamos criar autonomia, esse \u00e9 o nosso trabalho\u201d, afirma.<\/p>\n<p>&nbsp;<\/p>\n<p>A vice-presidente da Funda\u00e7\u00e3o Maria M\u00e3e, Maria Helena Pereira, tamb\u00e9m destacou a import\u00e2ncia do momento como forma de inclus\u00e3o social. \u201cDesde 1963, a Funda\u00e7\u00e3o Maria M\u00e3e funciona como um ponto de apoio para as pessoas em situa\u00e7\u00e3o de rua no munic\u00edpio. S\u00e3o atendidas cerca de 200 pessoas por dia e, em fun\u00e7\u00e3o da pandemia, esse n\u00famero tem aumentado. Aqui na funda\u00e7\u00e3o, todos s\u00e3o acolhidos. Atendemos desde a pessoa que est\u00e1 em situa\u00e7\u00e3o de rua h\u00e1 mais tempo, catadores de reciclagem, migrantes, pessoas com resid\u00eancias prec\u00e1rias, entre outros\u201d.<\/p>\n<p>&nbsp;<\/p>\n<p>Jos\u00e9 de Almeida \u00e9 um dos assistidos pela Funda\u00e7\u00e3o. Ele conta que se sente acolhido pelo espa\u00e7o. \u201cEles nos v\u00eaem e nos abra\u00e7am. Eu venho sempre tomar caf\u00e9 aqui. Se n\u00e3o tivesse esse apoio, tudo seria mais dif\u00edcil. Essa amizade e uni\u00e3o que nos motiva\u201d.<\/p>\n<p>&nbsp;<\/p>\n<p>Durante esta sexta tamb\u00e9m ocorre o semin\u00e1rio \u201cReflex\u00f5es sobre os 12 anos da Pol\u00edtica Nacional de Atendimento \u00e0 Popula\u00e7\u00e3o em Situa\u00e7\u00e3o de Rua Avan\u00e7os e Desafios\u201d, na Casa dos Conselhos, localizada na Rua Halfeld, 450\/7\u00ba andar. No final do dia, a prefeita Margarida Salom\u00e3o (PT) participa do \u201cJantar Pop Rua\u201d ao lado de secret\u00e1rios municipais e da popula\u00e7\u00e3o em situa\u00e7\u00e3o de rua no Restaurante Popular.<\/p>\n<p>&nbsp;<\/p>\n","protected":false},"excerpt":{"rendered":"<p>Segundo informa\u00e7\u00f5es do site da Prefeitura de Juiz de Fora (PJF), dando continuidade \u00e0s atividades do Dia Nacional de Luta da Popula\u00e7\u00e3o em Situa\u00e7\u00e3o de Rua, a Prefeitura de Juiz de Fora (PJF) realizou, na manh\u00e3 desta sexta-feira, 19, na Funda\u00e7\u00e3o Maria M\u00e3e, um caf\u00e9 solid\u00e1rio. O evento contou com a presen\u00e7a de secret\u00e1rios municipais, [&hellip;]<\/p>\n","protected":false},"author":246,"featured_media":203305,"comment_status":"closed","ping_status":"closed","sticky":false,"template":"","format":"standard","meta":{"footnotes":""},"categories":[253,436,439],"tags":[],"class_list":["post-203304","post","type-post","status-publish","format-standard","has-post-thumbnail","hentry","category-cidade","category-destaque-da-semana","category-ultima-hora"],"_links":{"self":[{"href":"https:\/\/diarioregionaldigital.com.br\/index.php?rest_route=\/wp\/v2\/posts\/203304","targetHints":{"allow":["GET"]}}],"collection":[{"href":"https:\/\/diarioregionaldigital.com.br\/index.php?rest_route=\/wp\/v2\/posts"}],"about":[{"href":"https:\/\/diarioregionaldigital.com.br\/index.php?rest_route=\/wp\/v2\/types\/post"}],"author":[{"embeddable":true,"href":"https:\/\/diarioregionaldigital.com.br\/index.php?rest_route=\/wp\/v2\/users\/246"}],"replies":[{"embeddable":true,"href":"https:\/\/diarioregionaldigital.com.br\/index.php?rest_route=%2Fwp%2Fv2%2Fcomments&post=203304"}],"version-history":[{"count":1,"href":"https:\/\/diarioregionaldigital.com.br\/index.php?rest_route=\/wp\/v2\/posts\/203304\/revisions"}],"predecessor-version":[{"id":203306,"href":"https:\/\/diarioregionaldigital.com.br\/index.php?rest_route=\/wp\/v2\/posts\/203304\/revisions\/203306"}],"wp:featuredmedia":[{"embeddable":true,"href":"https:\/\/diarioregionaldigital.com.br\/index.php?rest_route=\/wp\/v2\/media\/203305"}],"wp:attachment":[{"href":"https:\/\/diarioregionaldigital.com.br\/index.php?rest_route=%2Fwp%2Fv2%2Fmedia&parent=203304"}],"wp:term":[{"taxonomy":"category","embeddable":true,"href":"https:\/\/diarioregionaldigital.com.br\/index.php?rest_route=%2Fwp%2Fv2%2Fcategories&post=203304"},{"taxonomy":"post_tag","embeddable":true,"href":"https:\/\/diarioregionaldigital.com.br\/index.php?rest_route=%2Fwp%2Fv2%2Ftags&post=203304"}],"curies":[{"name":"wp","href":"https:\/\/api.w.org\/{rel}","templated":true}]}}