{"id":203301,"date":"2022-08-19T20:21:03","date_gmt":"2022-08-19T23:21:03","guid":{"rendered":"https:\/\/diarioregionaldigital.com.br\/?p=203301"},"modified":"2022-08-19T20:21:26","modified_gmt":"2022-08-19T23:21:26","slug":"museu-mariano-procopio-sera-reaberto-ao-publico-pela-prefeitura-de-juiz-de-fora","status":"publish","type":"post","link":"https:\/\/diarioregionaldigital.com.br\/?p=203301","title":{"rendered":"Museu Mariano Proc\u00f3pio ser\u00e1 reaberto ao p\u00fablico pela Prefeitura de Juiz de Fora"},"content":{"rendered":"<p>Segundo informa\u00e7\u00f5es do site da Prefeitura de Juiz de Fora (PJF), a prefeita de Juiz de Fora, Margarida Salom\u00e3o, anunciou em v\u00eddeo divulgado nas redes sociais nesta sexta-feira, 19, a reabertura do Museu Mariano Proc\u00f3pio para a popula\u00e7\u00e3o no pr\u00f3ximo dia 7 de setembro. \u201cDepois de 15 anos, o Museu Mariano Proc\u00f3pio estar\u00e1 reaberto para visita\u00e7\u00e3o p\u00fablica. Essa reabertura n\u00e3o \u00e9 s\u00f3 uma celebra\u00e7\u00e3o de Juiz de Fora, mas de todo o Brasil. O Brasil poder\u00e1, mais uma vez, reconhecer, revisar e visitar o precioso acervo do Museu Mariano Proc\u00f3pio. Vamos fazer essa reabertura dentro das nossas comemora\u00e7\u00f5es do Bicenten\u00e1rio da Independ\u00eancia Brasileira, um trabalho muito bonito feito nesse per\u00edodo em que estamos com a responsabilidade de governar a cidade\u201d, destacou a prefeita.<\/p>\n<p>A historiadora Maria L\u00facia Horta Ludolf de Mello, diretora do Museu Mariano Proc\u00f3pio, agradeceu \u00e0 prefeita pela conquista. \u201c\u00c9 um momento de celebra\u00e7\u00e3o e de gratid\u00e3o pelo apoio incondicional da prefeita Margarida Salom\u00e3o que acreditou na equipe e se empenhou pessoalmente nesse processo, liderando todo o trabalho para chegarmos a esse sucesso: a entrega dessa preciosa joia juiz-forana, o Museu Mariano Proc\u00f3pio, para a popula\u00e7\u00e3o brasileira\u201d.<\/p>\n<p>A diretora-geral da Funda\u00e7\u00e3o Cultural Alfredo Ferreira Lage (Funalfa), Giane Elisa Sales de Almeida, destacou a import\u00e2ncia dessa a\u00e7\u00e3o no per\u00edodo de celebra\u00e7\u00e3o do bicenten\u00e1rio da independ\u00eancia. \u201c\u00c9 important\u00edssimo refletir sobre o que isso significa para o Brasil e para a cidade de Juiz de Fora.\u00a0 \u00c9 um momento de reflex\u00e3o e revis\u00e3o desse bicenten\u00e1rio. O Museu Mariano Proc\u00f3pio, segundo acervo imperial do pa\u00eds, traz mem\u00f3rias afetivas a todos n\u00f3s. \u00c9 importante que todos e todas tenham acesso \u00e0 casa, ao Parque, ao acervo\u201d.<\/p>\n<p><strong>&#8220;Bicenten\u00e1rio da Independ\u00eancia do Brasil &#8211; rememorar o Brasil: a independ\u00eancia e a constru\u00e7\u00e3o do Estado-Na\u00e7\u00e3o\u201d<\/strong><br \/>\nA exposi\u00e7\u00e3o &#8220;Bicenten\u00e1rio da Independ\u00eancia do Brasil &#8211; rememorar o Brasil: a independ\u00eancia e a constru\u00e7\u00e3o do Estado-Na\u00e7\u00e3o\u201d, no Museu Mariano Proc\u00f3pio (Mapro), marca a reabertura do primeiro museu de Minas Gerais e segundo maior acervo do imp\u00e9rio no Brasil. A exposi\u00e7\u00e3o ser\u00e1 aberta ao p\u00fablico, de forma gratuita.<\/p>\n<p><strong>Segundo maior acervo imperial do pa\u00eds<\/strong><br \/>\nO Museu Mariano Proc\u00f3pio tem um acervo com cerca de 53 mil pe\u00e7as entre pinturas, esculturas, gravuras, desenhos, livros raros, documentos, fotografias, mobili\u00e1rio, prataria, armaria, numism\u00e1tica, cartofilia, indument\u00e1ria, porcelanas, cristais e pe\u00e7as de hist\u00f3ria natural. O Imp\u00e9rio brasileiro \u00e9 um dos destaques do acervo. Os trajes da coroa\u00e7\u00e3o, da maioridade e do casamento de dom Pedro II e o traje de corte da princesa Isabel est\u00e3o entre as mais significativas pe\u00e7as do museu. O acervo de mobili\u00e1rio \u00e9 considerado um dos mais importantes do pa\u00eds, destacando-se pela cole\u00e7\u00e3o de pe\u00e7as desde o s\u00e9culo 16 at\u00e9 o s\u00e9culo 19.<\/p>\n","protected":false},"excerpt":{"rendered":"<p>Segundo informa\u00e7\u00f5es do site da Prefeitura de Juiz de Fora (PJF), a prefeita de Juiz de Fora, Margarida Salom\u00e3o, anunciou em v\u00eddeo divulgado nas redes sociais nesta sexta-feira, 19, a reabertura do Museu Mariano Proc\u00f3pio para a popula\u00e7\u00e3o no pr\u00f3ximo dia 7 de setembro. \u201cDepois de 15 anos, o Museu Mariano Proc\u00f3pio estar\u00e1 reaberto para [&hellip;]<\/p>\n","protected":false},"author":246,"featured_media":203302,"comment_status":"closed","ping_status":"closed","sticky":false,"template":"","format":"standard","meta":{"footnotes":""},"categories":[253,436,440,439],"tags":[],"class_list":["post-203301","post","type-post","status-publish","format-standard","has-post-thumbnail","hentry","category-cidade","category-destaque-da-semana","category-destaques-do-dia","category-ultima-hora"],"_links":{"self":[{"href":"https:\/\/diarioregionaldigital.com.br\/index.php?rest_route=\/wp\/v2\/posts\/203301","targetHints":{"allow":["GET"]}}],"collection":[{"href":"https:\/\/diarioregionaldigital.com.br\/index.php?rest_route=\/wp\/v2\/posts"}],"about":[{"href":"https:\/\/diarioregionaldigital.com.br\/index.php?rest_route=\/wp\/v2\/types\/post"}],"author":[{"embeddable":true,"href":"https:\/\/diarioregionaldigital.com.br\/index.php?rest_route=\/wp\/v2\/users\/246"}],"replies":[{"embeddable":true,"href":"https:\/\/diarioregionaldigital.com.br\/index.php?rest_route=%2Fwp%2Fv2%2Fcomments&post=203301"}],"version-history":[{"count":1,"href":"https:\/\/diarioregionaldigital.com.br\/index.php?rest_route=\/wp\/v2\/posts\/203301\/revisions"}],"predecessor-version":[{"id":203303,"href":"https:\/\/diarioregionaldigital.com.br\/index.php?rest_route=\/wp\/v2\/posts\/203301\/revisions\/203303"}],"wp:featuredmedia":[{"embeddable":true,"href":"https:\/\/diarioregionaldigital.com.br\/index.php?rest_route=\/wp\/v2\/media\/203302"}],"wp:attachment":[{"href":"https:\/\/diarioregionaldigital.com.br\/index.php?rest_route=%2Fwp%2Fv2%2Fmedia&parent=203301"}],"wp:term":[{"taxonomy":"category","embeddable":true,"href":"https:\/\/diarioregionaldigital.com.br\/index.php?rest_route=%2Fwp%2Fv2%2Fcategories&post=203301"},{"taxonomy":"post_tag","embeddable":true,"href":"https:\/\/diarioregionaldigital.com.br\/index.php?rest_route=%2Fwp%2Fv2%2Ftags&post=203301"}],"curies":[{"name":"wp","href":"https:\/\/api.w.org\/{rel}","templated":true}]}}