{"id":203289,"date":"2022-08-19T20:09:48","date_gmt":"2022-08-19T23:09:48","guid":{"rendered":"https:\/\/diarioregionaldigital.com.br\/?p=203289"},"modified":"2022-08-19T20:09:48","modified_gmt":"2022-08-19T23:09:48","slug":"meia-da-selecao-casemiro-troca-o-real-madrid-pelo-manchester-united","status":"publish","type":"post","link":"https:\/\/diarioregionaldigital.com.br\/?p=203289","title":{"rendered":"Meia da sele\u00e7\u00e3o, Casemiro troca o Real Madrid pelo Manchester United"},"content":{"rendered":"<p>O volante Casemiro, meia-atacante da sele\u00e7\u00e3o brasileira, \u00e9 o mais novo refor\u00e7o do Manchester United (Inglaterra). Na tarde desta sexta-feira (19), tanto o Real Madrid, onde o jogador atuou nos \u00faltimos nove anos, quanto seu novo clube brit\u00e2nico confirmaram por meio das redes sociais a transfer\u00eancia de Casemiro, de 30 anos.\u00a0<img decoding=\"async\" src=\"https:\/\/agenciabrasil.ebc.com.br\/ebc.png?id=1477678&amp;o=node\" \/><img decoding=\"async\" src=\"https:\/\/agenciabrasil.ebc.com.br\/ebc.gif?id=1477678&amp;o=node\" \/><\/p>\n<p><a href=\"https:\/\/twitter.com\/realmadrid\/status\/1560706749597884417\">Primeiro a anunciar o acordo com o United,<\/a>\u00a0o Real Madrid n\u00e3o poupou elogios ao volante, que ajudou o clube espanhol a conquistar 18 t\u00edtulos (cinco Ta\u00e7as da Europa, tr\u00eas Mundiais de Clubes, tr\u00eas Superta\u00e7as da Europa, 3 Ligas, uma Ta\u00e7a do Rei e tr\u00eas Superta\u00e7as de Espanha). Casemiro jogava no S\u00e3o Paulo antes de ser contratado pelo Real.<\/p>\n<p>\u201cDesde que chegou em janeiro de 2013 para jogar pelo Castilla, aos 20 anos, Casemiro tem sido um dos jogadores mais transcendentais em um dos per\u00edodos mais importantes e bem-sucedidos de nossa hist\u00f3ria\u201d, derramou-se o clube espanhol em nota oficial. \u201cO Real Madrid \u00e9 e ser\u00e1 sempre a sua casa e deseja a ele e a toda a sua fam\u00edlia muita sorte nesta nova etapa da sua vida\u201d, completou.<\/p>\n<p>O Manchester United publicou logo em seguida no Twitter a confirma\u00e7\u00e3o da transfer\u00eancia do jogador, que j\u00e1 defendeu\u00a0o escrete canarinho em 63 jogos fora do Brasil.<\/p>\n<p>\u201cO Manchester United tem o prazer de anunciar que o clube chegou a um acordo com o Real Madrid para a transfer\u00eancia de Casemiro. A transfer\u00eancia est\u00e1 sujeita ao acordo de termos pessoais, requisitos de visto do Reino Unido e um m\u00e9dico. Estamos todos ansiosos para receber Casemiro em Old Trafford\u201d, disse o clube da cidade de Manchester.<\/p>\n<p>Al\u00e9m da cole\u00e7\u00e3o de t\u00edtulos conquistados em sua longa passagem pelo Real, Casemiro foi eleito o melhor jogador na final da Superta\u00e7a Europeia, conquistada pelo Real em 10 de agosto, e tamb\u00e9m \u00e9 um dos indicados ao pr\u00eamio Bola de Ouro de 2022, concedido pela revista France Football aos melhores jogadores da temporada.<\/p>\n<p>Depois de se juntar ao clube espanhol em 2013 vindo do S\u00e3o Paulo, Casemiro conquistou cinco trof\u00e9us da Liga dos Campe\u00f5es, tr\u00eas t\u00edtulos da La Liga, uma Copa do Rei e tr\u00eas Mundiais de Clubes, entre outras premia\u00e7\u00f5es.<\/p>\n<p><span style=\"font-weight: 400;\"><br \/>\n<\/span><span style=\"font-weight: 400;\">Fonte: Ag\u00eancia Brasil <\/span><\/p>\n","protected":false},"excerpt":{"rendered":"<p>O volante Casemiro, meia-atacante da sele\u00e7\u00e3o brasileira, \u00e9 o mais novo refor\u00e7o do Manchester United (Inglaterra). Na tarde desta sexta-feira (19), tanto o Real Madrid, onde o jogador atuou nos \u00faltimos nove anos, quanto seu novo clube brit\u00e2nico confirmaram por meio das redes sociais a transfer\u00eancia de Casemiro, de 30 anos.\u00a0 Primeiro a anunciar o [&hellip;]<\/p>\n","protected":false},"author":246,"featured_media":203290,"comment_status":"closed","ping_status":"closed","sticky":false,"template":"","format":"standard","meta":{"footnotes":""},"categories":[436,440,257,439],"tags":[],"class_list":["post-203289","post","type-post","status-publish","format-standard","has-post-thumbnail","hentry","category-destaque-da-semana","category-destaques-do-dia","category-esporte","category-ultima-hora"],"_links":{"self":[{"href":"https:\/\/diarioregionaldigital.com.br\/index.php?rest_route=\/wp\/v2\/posts\/203289","targetHints":{"allow":["GET"]}}],"collection":[{"href":"https:\/\/diarioregionaldigital.com.br\/index.php?rest_route=\/wp\/v2\/posts"}],"about":[{"href":"https:\/\/diarioregionaldigital.com.br\/index.php?rest_route=\/wp\/v2\/types\/post"}],"author":[{"embeddable":true,"href":"https:\/\/diarioregionaldigital.com.br\/index.php?rest_route=\/wp\/v2\/users\/246"}],"replies":[{"embeddable":true,"href":"https:\/\/diarioregionaldigital.com.br\/index.php?rest_route=%2Fwp%2Fv2%2Fcomments&post=203289"}],"version-history":[{"count":1,"href":"https:\/\/diarioregionaldigital.com.br\/index.php?rest_route=\/wp\/v2\/posts\/203289\/revisions"}],"predecessor-version":[{"id":203291,"href":"https:\/\/diarioregionaldigital.com.br\/index.php?rest_route=\/wp\/v2\/posts\/203289\/revisions\/203291"}],"wp:featuredmedia":[{"embeddable":true,"href":"https:\/\/diarioregionaldigital.com.br\/index.php?rest_route=\/wp\/v2\/media\/203290"}],"wp:attachment":[{"href":"https:\/\/diarioregionaldigital.com.br\/index.php?rest_route=%2Fwp%2Fv2%2Fmedia&parent=203289"}],"wp:term":[{"taxonomy":"category","embeddable":true,"href":"https:\/\/diarioregionaldigital.com.br\/index.php?rest_route=%2Fwp%2Fv2%2Fcategories&post=203289"},{"taxonomy":"post_tag","embeddable":true,"href":"https:\/\/diarioregionaldigital.com.br\/index.php?rest_route=%2Fwp%2Fv2%2Ftags&post=203289"}],"curies":[{"name":"wp","href":"https:\/\/api.w.org\/{rel}","templated":true}]}}