{"id":203286,"date":"2022-08-19T20:06:56","date_gmt":"2022-08-19T23:06:56","guid":{"rendered":"https:\/\/diarioregionaldigital.com.br\/?p=203286"},"modified":"2022-08-19T20:06:56","modified_gmt":"2022-08-19T23:06:56","slug":"eleicoes-2022-treinamento-de-mesarios-e-prioritariamente-a-distancia","status":"publish","type":"post","link":"https:\/\/diarioregionaldigital.com.br\/?p=203286","title":{"rendered":"Elei\u00e7\u00f5es 2022: treinamento de mes\u00e1rios \u00e9 prioritariamente a dist\u00e2ncia"},"content":{"rendered":"<p>O Tribunal Superior Eleitoral (TSE) decidiu tornar prioritariamente a\u00a0dist\u00e2ncia o treinamento dos mes\u00e1rios convocados para trabalhar nas Elei\u00e7\u00f5es 2022, consolidando mudan\u00e7as que implementadas no pleito de 2020 em raz\u00e3o da pandemia.<img decoding=\"async\" src=\"https:\/\/agenciabrasil.ebc.com.br\/ebc.png?id=1477605&amp;o=node\" \/><img decoding=\"async\" src=\"https:\/\/agenciabrasil.ebc.com.br\/ebc.gif?id=1477605&amp;o=node\" \/><\/p>\n<p>A regra agora, por exemplo, \u00e9 o treinamento ocorrer preferencialmente por meio de um aplicativo de celular desenvolvido pela Justi\u00e7a Eleitoral. A ferramenta, dispon\u00edvel para aparelhos Android e iOS, traz todas as informa\u00e7\u00f5es necess\u00e1rias, divididas em m\u00f3dulos de estudo.<\/p>\n<p>Para utilizar o app, \u00e9 preciso fazer um\u00a0<em>login<\/em>\u00a0utilizando o n\u00famero do t\u00edtulo de eleitor. \u00a0\u201cS\u00f3 quem tiver sido formalmente nomeado\u00a0para trabalhar nas elei\u00e7\u00f5es\u00a0<span id=\"OBJ_PREFIX_DWT159_com_zimbra_date\" role=\"link\"><span id=\"OBJ_PREFIX_DWT166_com_zimbra_date\" role=\"link\">ter<\/span><\/span>\u00e1 acesso \u00e0s funcionalidades\u201d, informou o TSE.<\/p>\n<p>Na elei\u00e7\u00e3o deste ano, a Justi\u00e7a Eleitoral convocou um contingente de mais de 2 milh\u00f5es de pessoas para trabalhar nas mesas de vota\u00e7\u00e3o ou no apoio log\u00edstico. A orienta\u00e7\u00e3o \u00e9 que os convocados j\u00e1 baixem a atualiza\u00e7\u00e3o do app e comecem a utilizar a ferramenta. O prazo pra concluir o treinamento \u00e9 1\u00ba de outubro, um dia antes do primeiro turno.<\/p>\n<p>Ao final do treinamento, um certificado ser\u00e1 emitido\u00a0\u00a0em formato PDF, que vir\u00e1 com um QR Code para a valida\u00e7\u00e3o do documento por meio do\u00a0<a href=\"https:\/\/www.tse.jus.br\/eleicoes\/mesario\/canal-do-mesario\" target=\"_blank\" rel=\"noopener\">Canal do Mes\u00e1rio<\/a>.<\/p>\n<p>A capacita\u00e7\u00e3o por aplicativo foi primeiro utilizada nas elei\u00e7\u00f5es municipais de 2020, quando as restri\u00e7\u00f5es impostas pela pandemia de covid-19 aceleraram a elabora\u00e7\u00e3o de ferramentas de ensino a\u00a0dist\u00e2ncia. Naquele ano, mais de 1 milh\u00e3o de pessoas se capacitaram pelo app.<\/p>\n<p>Com o sucesso da iniciativa, o ensino \u00e0 dist\u00e2ncia foi tornado priorit\u00e1rio pdlo TSE, embora os Tribunais Regionais Eleitorais (TREs) ainda possam realizar capacita\u00e7\u00f5es presenciais se julgarem necess\u00e1rio.<\/p>\n<h2>Conte\u00fado<\/h2>\n<p>Os m\u00f3dulos do aplicativo cont\u00e9m imagens, cartilhas e manuais para o mes\u00e1rio, bem como orienta\u00e7\u00f5es sobre fluxo de vota\u00e7\u00e3o; procedimentos a serem adotados na se\u00e7\u00e3o eleitoral;\u00a0<em>checklist<\/em>\u00a0de in\u00edcio e de encerramento dos trabalhos; dicas de como combater a desinforma\u00e7\u00e3o; medidas sanit\u00e1rias para preven\u00e7\u00e3o do cont\u00e1gio pelo coronav\u00edrus;\u00a0<em>quiz<\/em>\u00a0para testar conhecimentos; e solu\u00e7\u00f5es para poss\u00edveis problemas que podem ocorrer durante a vota\u00e7\u00e3o.<\/p>\n<p>A ferramenta traz tamb\u00e9m informa\u00e7\u00f5es sobre o novo modelo de urna eletr\u00f4nica, que \u00e9 utilizado pela primeira vez nestas elei\u00e7\u00f5es e traz mais recursos de acessibilidade, como janela de int\u00e9rprete de Libras para auxiliar o leitor surdo, teclado em braile e recursos de \u00e1udio, para os que tenham defici\u00eancia visual.<\/p>\n<p><span style=\"font-weight: 400;\">Fonte: Ag\u00eancia Brasil <\/span><\/p>\n","protected":false},"excerpt":{"rendered":"<p>O Tribunal Superior Eleitoral (TSE) decidiu tornar prioritariamente a\u00a0dist\u00e2ncia o treinamento dos mes\u00e1rios convocados para trabalhar nas Elei\u00e7\u00f5es 2022, consolidando mudan\u00e7as que implementadas no pleito de 2020 em raz\u00e3o da pandemia. A regra agora, por exemplo, \u00e9 o treinamento ocorrer preferencialmente por meio de um aplicativo de celular desenvolvido pela Justi\u00e7a Eleitoral. A ferramenta, dispon\u00edvel [&hellip;]<\/p>\n","protected":false},"author":246,"featured_media":203287,"comment_status":"closed","ping_status":"closed","sticky":false,"template":"","format":"standard","meta":{"footnotes":""},"categories":[436,254,439],"tags":[],"class_list":["post-203286","post","type-post","status-publish","format-standard","has-post-thumbnail","hentry","category-destaque-da-semana","category-politica","category-ultima-hora"],"_links":{"self":[{"href":"https:\/\/diarioregionaldigital.com.br\/index.php?rest_route=\/wp\/v2\/posts\/203286","targetHints":{"allow":["GET"]}}],"collection":[{"href":"https:\/\/diarioregionaldigital.com.br\/index.php?rest_route=\/wp\/v2\/posts"}],"about":[{"href":"https:\/\/diarioregionaldigital.com.br\/index.php?rest_route=\/wp\/v2\/types\/post"}],"author":[{"embeddable":true,"href":"https:\/\/diarioregionaldigital.com.br\/index.php?rest_route=\/wp\/v2\/users\/246"}],"replies":[{"embeddable":true,"href":"https:\/\/diarioregionaldigital.com.br\/index.php?rest_route=%2Fwp%2Fv2%2Fcomments&post=203286"}],"version-history":[{"count":1,"href":"https:\/\/diarioregionaldigital.com.br\/index.php?rest_route=\/wp\/v2\/posts\/203286\/revisions"}],"predecessor-version":[{"id":203288,"href":"https:\/\/diarioregionaldigital.com.br\/index.php?rest_route=\/wp\/v2\/posts\/203286\/revisions\/203288"}],"wp:featuredmedia":[{"embeddable":true,"href":"https:\/\/diarioregionaldigital.com.br\/index.php?rest_route=\/wp\/v2\/media\/203287"}],"wp:attachment":[{"href":"https:\/\/diarioregionaldigital.com.br\/index.php?rest_route=%2Fwp%2Fv2%2Fmedia&parent=203286"}],"wp:term":[{"taxonomy":"category","embeddable":true,"href":"https:\/\/diarioregionaldigital.com.br\/index.php?rest_route=%2Fwp%2Fv2%2Fcategories&post=203286"},{"taxonomy":"post_tag","embeddable":true,"href":"https:\/\/diarioregionaldigital.com.br\/index.php?rest_route=%2Fwp%2Fv2%2Ftags&post=203286"}],"curies":[{"name":"wp","href":"https:\/\/api.w.org\/{rel}","templated":true}]}}