{"id":203280,"date":"2022-08-19T20:02:52","date_gmt":"2022-08-19T23:02:52","guid":{"rendered":"https:\/\/diarioregionaldigital.com.br\/?p=203280"},"modified":"2022-08-19T20:02:52","modified_gmt":"2022-08-19T23:02:52","slug":"tse-suspende-repasses-de-verbas-para-campanha-de-roberto-jefferson","status":"publish","type":"post","link":"https:\/\/diarioregionaldigital.com.br\/?p=203280","title":{"rendered":"TSE suspende repasses de verbas para campanha de Roberto Jefferson"},"content":{"rendered":"<p>O ministro Carlos Horbach, do Tribunal Superior Eleitoral (TSE), decidiu hoje (19) determinar a suspens\u00e3o dos repasses de recursos para a campanha do candidato \u00e0 Presid\u00eancia da Rep\u00fablica Roberto Jefferson (PTB).\u00a0<img decoding=\"async\" src=\"https:\/\/agenciabrasil.ebc.com.br\/ebc.png?id=1477635&amp;o=node\" \/><img decoding=\"async\" src=\"https:\/\/agenciabrasil.ebc.com.br\/ebc.gif?id=1477635&amp;o=node\" \/><\/p>\n<p>A medida foi tomada a pedido do Minist\u00e9rio P\u00fablico Eleitoral (MPE), que impugnou a candidatura de\u00a0<a href=\"https:\/\/agenciabrasil.ebc.com.br\/geral\/noticia\/2022-01\/roberto-jefferson-deixa-prisao-com-tornozeleira-eletronica\" target=\"_blank\" rel=\"noopener\">Jefferson<\/a>. De acordo com o \u00f3rg\u00e3o, o candidato est\u00e1 ineleg\u00edvel at\u00e9 24 de dezembro de 2023 em fun\u00e7\u00e3o da condena\u00e7\u00e3o na A\u00e7\u00e3o Penal 470, o\u00a0<a href=\"https:\/\/agenciabrasil.ebc.com.br\/politica\/noticia\/2016-03\/stf-concede-perdao-de-pena-seis-condenados-no-mensalao\" target=\"_blank\" rel=\"noopener\">processo do mensal\u00e3o<\/a>, e n\u00e3o pode disputar as elei\u00e7\u00f5es deste ano. Pela Lei da Ficha Limpa, a inelegibilidade \u00e9 de oito anos ap\u00f3s o cumprimento da pena.<\/p>\n<p>Ao analisar a quest\u00e3o, o ministro entendeu que o indulto natalino concedido em 2016, que extinguiu a pena de Jefferson, n\u00e3o alcan\u00e7a a inelegibilidade decorrente da condena\u00e7\u00e3o.<\/p>\n<p>Dessa forma, Horbach suspendeu cautelarmente os repasses de recursos p\u00fablicos do Fundo Especial de Financiamento de Campanha e do Fundo Partid\u00e1rio para o candidato.<\/p>\n<p>&#8220;Aliada \u00e0 verifica\u00e7\u00e3o da probabilidade do direito, conforme fundamenta\u00e7\u00e3o acima expendida, entendo que, no caso, h\u00e1 tamb\u00e9m o perigo de dano em rela\u00e7\u00e3o \u00e0 libera\u00e7\u00e3o de verbas de natureza p\u00fablica para subsidiar candidatura que, de pronto, revela-se inquinada de uma muito prov\u00e1vel inelegibilidade&#8221;, decidiu o ministro.<\/p>\n<p>A decis\u00e3o final sobre a validade do registro da candidatura ser\u00e1 tomada pelo ministro ap\u00f3s Jefferson e o PTB apresentarem defesa sobre a impugna\u00e7\u00e3o feita pelo MPF. At\u00e9 o julgamento, o nome do candidato continua no sistema\u00a0<a href=\"https:\/\/divulgacandcontas.tse.jus.br\/divulga\/#\/\" target=\"_blank\" rel=\"noopener\">DivulgaCandContas<\/a>, que re\u00fane os registros dos 12 candidatos \u00e0 Presid\u00eancia.<\/p>\n<p><span style=\"font-weight: 400;\"><br \/>\n<\/span><span style=\"font-weight: 400;\">Fonte: Ag\u00eancia Brasil <\/span><\/p>\n","protected":false},"excerpt":{"rendered":"<p>O ministro Carlos Horbach, do Tribunal Superior Eleitoral (TSE), decidiu hoje (19) determinar a suspens\u00e3o dos repasses de recursos para a campanha do candidato \u00e0 Presid\u00eancia da Rep\u00fablica Roberto Jefferson (PTB).\u00a0 A medida foi tomada a pedido do Minist\u00e9rio P\u00fablico Eleitoral (MPE), que impugnou a candidatura de\u00a0Jefferson. De acordo com o \u00f3rg\u00e3o, o candidato est\u00e1 [&hellip;]<\/p>\n","protected":false},"author":246,"featured_media":203281,"comment_status":"closed","ping_status":"closed","sticky":false,"template":"","format":"standard","meta":{"footnotes":""},"categories":[436,254,439],"tags":[],"class_list":["post-203280","post","type-post","status-publish","format-standard","has-post-thumbnail","hentry","category-destaque-da-semana","category-politica","category-ultima-hora"],"_links":{"self":[{"href":"https:\/\/diarioregionaldigital.com.br\/index.php?rest_route=\/wp\/v2\/posts\/203280","targetHints":{"allow":["GET"]}}],"collection":[{"href":"https:\/\/diarioregionaldigital.com.br\/index.php?rest_route=\/wp\/v2\/posts"}],"about":[{"href":"https:\/\/diarioregionaldigital.com.br\/index.php?rest_route=\/wp\/v2\/types\/post"}],"author":[{"embeddable":true,"href":"https:\/\/diarioregionaldigital.com.br\/index.php?rest_route=\/wp\/v2\/users\/246"}],"replies":[{"embeddable":true,"href":"https:\/\/diarioregionaldigital.com.br\/index.php?rest_route=%2Fwp%2Fv2%2Fcomments&post=203280"}],"version-history":[{"count":1,"href":"https:\/\/diarioregionaldigital.com.br\/index.php?rest_route=\/wp\/v2\/posts\/203280\/revisions"}],"predecessor-version":[{"id":203282,"href":"https:\/\/diarioregionaldigital.com.br\/index.php?rest_route=\/wp\/v2\/posts\/203280\/revisions\/203282"}],"wp:featuredmedia":[{"embeddable":true,"href":"https:\/\/diarioregionaldigital.com.br\/index.php?rest_route=\/wp\/v2\/media\/203281"}],"wp:attachment":[{"href":"https:\/\/diarioregionaldigital.com.br\/index.php?rest_route=%2Fwp%2Fv2%2Fmedia&parent=203280"}],"wp:term":[{"taxonomy":"category","embeddable":true,"href":"https:\/\/diarioregionaldigital.com.br\/index.php?rest_route=%2Fwp%2Fv2%2Fcategories&post=203280"},{"taxonomy":"post_tag","embeddable":true,"href":"https:\/\/diarioregionaldigital.com.br\/index.php?rest_route=%2Fwp%2Fv2%2Ftags&post=203280"}],"curies":[{"name":"wp","href":"https:\/\/api.w.org\/{rel}","templated":true}]}}