{"id":203277,"date":"2022-08-19T20:00:52","date_gmt":"2022-08-19T23:00:52","guid":{"rendered":"https:\/\/diarioregionaldigital.com.br\/?p=203277"},"modified":"2022-08-19T20:00:52","modified_gmt":"2022-08-19T23:00:52","slug":"tre-sp-se-reune-com-candidatos-para-firmar-compromisso-pela-democracia","status":"publish","type":"post","link":"https:\/\/diarioregionaldigital.com.br\/?p=203277","title":{"rendered":"TRE-SP se re\u00fane com candidatos para firmar Compromisso pela Democracia"},"content":{"rendered":"<p>O presidente do Tribunal Regional Eleitoral de S\u00e3o Paulo (TRE-SP), desembargador Paulo Galizia, recebeu na manh\u00e3 de hoje (19) representantes de partidos pol\u00edticos e candidatos ao governo do estado de S\u00e3o Paulo, convidados a firmarem o Compromisso pela Democracia,\u00a0para redu\u00e7\u00e3o dos efeitos nocivos da dissemina\u00e7\u00e3o de\u00a0desinforma\u00e7\u00e3o que atente contra a democracia e\u00a0a Justi\u00e7a Eleitoral.<img decoding=\"async\" src=\"https:\/\/agenciabrasil.ebc.com.br\/ebc.png?id=1477646&amp;o=node\" \/><img decoding=\"async\" src=\"https:\/\/agenciabrasil.ebc.com.br\/ebc.gif?id=1477646&amp;o=node\" \/><\/p>\n<p>Estiveram presentes os candidatos a governador Rodrigo Garcia, da coliga\u00e7\u00e3o S\u00e3o Paulo pra Frente (Federa\u00e7\u00e3o PSDB e Cidadania, Avante, MDB, Patriota, Uni\u00e3o, Podemos, PP e Solidariedade), Tarc\u00edsio de Freitas, da coliga\u00e7\u00e3o S\u00e3o Paulo Pode Mais (Republicanos, PL, PSD, PTB, PSC e PMN), Altino de Melo Prazeres J\u00fanior (PSTU), Ant\u00f4nio Jorge Filho (DC), L\u00facia Fran\u00e7a (vice da Federa\u00e7\u00e3o Brasil da Esperan\u00e7a PT\/PCdoB\/ PV), Vin\u00edcius Lazzer Poit (Novo), e os representantes Vivian Mendes (UP), Renan Lira da Silva (PCB).<\/p>\n<p>\u201cO TRE estabeleceu\u00a0um programa contra a desinforma\u00e7\u00e3o e temos v\u00e1rias medidas de checagem das redes e com colaboradores. S\u00f3 que esse trabalho sem a participa\u00e7\u00e3o dos atores da elei\u00e7\u00e3o que s\u00e3o os candidatos, os cabos eleitorais e correligion\u00e1rios seria in\u00f3cuo. Ent\u00e3o estou chamando aten\u00e7\u00e3o da sociedade em geral e dos partidos pol\u00edticos para que eles tamb\u00e9m participem desse processo de combate \u00e0 desinforma\u00e7\u00e3o que no final vai beneficiar todos eles porque teremos uma elei\u00e7\u00e3o mais tranquila e pac\u00edfica\u201d, afirmou Galizia.<\/p>\n<p>De acordo com o presidente do tribunal, com o acordo firmado os candidatos assumem o compromisso em apoio ao processo eleitoral e ao sistema eletr\u00f4nico de vota\u00e7\u00e3o brasileiros. \u201c\u00c9 um incentivo \u00e0 realiza\u00e7\u00e3o das elei\u00e7\u00f5es sem utiliza\u00e7\u00e3o de informa\u00e7\u00f5es cuja veracidade n\u00e3o seja verificada e sem ataques sem provas ao sistema eleitoral de vota\u00e7\u00e3o eletr\u00f4nico. \u00c9 um enaltecimento ao nosso sistema\u201d.<\/p>\n<p>Galizia refor\u00e7ou\u00a0que a fiscaliza\u00e7\u00e3o j\u00e1 existe em todo o processo eleitoral e a assinatura desse termo n\u00e3o prejudica nem altera o que j\u00e1 est\u00e1 em vigor na lei. \u201cAo assumir esse compromisso existe a expectativa de que eles cumpram o que est\u00e1 na lei. O que est\u00e1 previsto nesse\u00a0acordo \u00e9 o cumprimento da legisla\u00e7\u00e3o eleitoral. Tem um efeito simb\u00f3lico muito importante de estimular a popula\u00e7\u00e3o como um todo, e n\u00e3o s\u00f3 os candidatos, a n\u00e3o disseminar not\u00edcias falsas\u201d, destacou.<\/p>\n<p><span style=\"font-weight: 400;\">Fonte: Ag\u00eancia Brasil <\/span><\/p>\n","protected":false},"excerpt":{"rendered":"<p>O presidente do Tribunal Regional Eleitoral de S\u00e3o Paulo (TRE-SP), desembargador Paulo Galizia, recebeu na manh\u00e3 de hoje (19) representantes de partidos pol\u00edticos e candidatos ao governo do estado de S\u00e3o Paulo, convidados a firmarem o Compromisso pela Democracia,\u00a0para redu\u00e7\u00e3o dos efeitos nocivos da dissemina\u00e7\u00e3o de\u00a0desinforma\u00e7\u00e3o que atente contra a democracia e\u00a0a Justi\u00e7a Eleitoral. Estiveram [&hellip;]<\/p>\n","protected":false},"author":246,"featured_media":203278,"comment_status":"closed","ping_status":"closed","sticky":false,"template":"","format":"standard","meta":{"footnotes":""},"categories":[436,440,254,439],"tags":[],"class_list":["post-203277","post","type-post","status-publish","format-standard","has-post-thumbnail","hentry","category-destaque-da-semana","category-destaques-do-dia","category-politica","category-ultima-hora"],"_links":{"self":[{"href":"https:\/\/diarioregionaldigital.com.br\/index.php?rest_route=\/wp\/v2\/posts\/203277","targetHints":{"allow":["GET"]}}],"collection":[{"href":"https:\/\/diarioregionaldigital.com.br\/index.php?rest_route=\/wp\/v2\/posts"}],"about":[{"href":"https:\/\/diarioregionaldigital.com.br\/index.php?rest_route=\/wp\/v2\/types\/post"}],"author":[{"embeddable":true,"href":"https:\/\/diarioregionaldigital.com.br\/index.php?rest_route=\/wp\/v2\/users\/246"}],"replies":[{"embeddable":true,"href":"https:\/\/diarioregionaldigital.com.br\/index.php?rest_route=%2Fwp%2Fv2%2Fcomments&post=203277"}],"version-history":[{"count":1,"href":"https:\/\/diarioregionaldigital.com.br\/index.php?rest_route=\/wp\/v2\/posts\/203277\/revisions"}],"predecessor-version":[{"id":203279,"href":"https:\/\/diarioregionaldigital.com.br\/index.php?rest_route=\/wp\/v2\/posts\/203277\/revisions\/203279"}],"wp:featuredmedia":[{"embeddable":true,"href":"https:\/\/diarioregionaldigital.com.br\/index.php?rest_route=\/wp\/v2\/media\/203278"}],"wp:attachment":[{"href":"https:\/\/diarioregionaldigital.com.br\/index.php?rest_route=%2Fwp%2Fv2%2Fmedia&parent=203277"}],"wp:term":[{"taxonomy":"category","embeddable":true,"href":"https:\/\/diarioregionaldigital.com.br\/index.php?rest_route=%2Fwp%2Fv2%2Fcategories&post=203277"},{"taxonomy":"post_tag","embeddable":true,"href":"https:\/\/diarioregionaldigital.com.br\/index.php?rest_route=%2Fwp%2Fv2%2Ftags&post=203277"}],"curies":[{"name":"wp","href":"https:\/\/api.w.org\/{rel}","templated":true}]}}