{"id":203274,"date":"2022-08-19T19:54:04","date_gmt":"2022-08-19T22:54:04","guid":{"rendered":"https:\/\/diarioregionaldigital.com.br\/?p=203274"},"modified":"2022-08-19T19:54:04","modified_gmt":"2022-08-19T22:54:04","slug":"auxilio-brasil-e-pago-hoje-a-beneficiarios-com-nis-final-9","status":"publish","type":"post","link":"https:\/\/diarioregionaldigital.com.br\/?p=203274","title":{"rendered":"Aux\u00edlio Brasil \u00e9 pago hoje a benefici\u00e1rios com NIS final 9"},"content":{"rendered":"<p>A Caixa Econ\u00f4mica Federal paga\u00a0hoje\u00a0(19) a parcela\u00a0de agosto\u00a0do Aux\u00edlio Brasil aos benefici\u00e1rios com N\u00famero de Inscri\u00e7\u00e3o Social (NIS) de\u00a0final 9. Essa \u00e9 a primeira parcela com o valor m\u00ednimo de R$ 600, que vigorar\u00e1 at\u00e9 dezembro, conforme\u00a0<a href=\"https:\/\/agenciabrasil.ebc.com.br\/politica\/noticia\/2022-07\/congresso-promulga-pec-que-aumenta-beneficios-sociais-ate-dezembro\" target=\"_blank\" rel=\"noopener\">emenda constitucional<\/a>\u00a0promulgada em julho pelo Congresso Nacional.<img decoding=\"async\" src=\"https:\/\/agenciabrasil.ebc.com.br\/ebc.png?id=1477501&amp;o=node\" \/><img decoding=\"async\" src=\"https:\/\/agenciabrasil.ebc.com.br\/ebc.gif?id=1477501&amp;o=node\" \/><\/p>\n<p>A emenda\u00a0tamb\u00e9m liberou a inclus\u00e3o de mais 2,2 milh\u00f5es de fam\u00edlias no Aux\u00edlio Brasil. Com isso, o total de\u00a0<a href=\"https:\/\/agenciabrasil.ebc.com.br\/economia\/noticia\/2022-08\/auxilio-brasil-chega-202-milhoes-de-beneficiarios-este-mes\" target=\"_blank\" rel=\"noopener\">pessoas\u00a0atendidas<\/a>\u00a0pelo programa subiu\u00a0para 20,2 milh\u00f5es neste m\u00eas.<\/p>\n<p>O benefici\u00e1rio poder\u00e1 consultar informa\u00e7\u00f5es sobre datas de pagamento, valor do benef\u00edcio e composi\u00e7\u00e3o das parcelas em dois aplicativos: Aux\u00edlio Brasil, desenvolvido para o programa social, e Caixa Tem, usado para acompanhar as contas poupan\u00e7a digitais do banco.<\/p>\n<p>Em janeiro, o valor m\u00ednimo do Aux\u00edlio Brasil voltar\u00e1 a R$ 400, a menos que nova proposta de emenda \u00e0 Constitui\u00e7\u00e3o seja aprovada. Tradicionalmente, as datas do Aux\u00edlio Brasil seguem o modelo do Bolsa Fam\u00edlia, que pagava nos dez \u00faltimos dias \u00fateis do m\u00eas. No entanto,\u00a0<a href=\"https:\/\/agenciabrasil.ebc.com.br\/economia\/noticia\/2020-08\/dou-traz-calendario-de-auxilio-emergencial-para-novos-beneficiarios\" target=\"_blank\" rel=\"noopener\">portaria<\/a>\u00a0editada no in\u00edcio\u00a0de agosto\u00a0antecipou o pagamento da parcela\u00a0deste m\u00eas para o per\u00edodo de\u00a09 a\u00a022.<\/p>\n<div class=\"dnd-widget-wrapper context-cheio_8colunas type-image\">\n<div class=\"dnd-atom-rendered\">\n<div class=\"shadow overflow-hidden rounded-lg d-block zoom-on-hover-sm shadow-hover w-100\"><img decoding=\"async\" class=\"flex-fill img-cover\" title=\"Di\u00e1rio Oficial da Uni\u00e3o\" src=\"https:\/\/imagens.ebc.com.br\/HLRKLsC1stg-NHuf6Mmp7NVf9Rk=\/754x0\/smart\/https:\/\/agenciabrasil.ebc.com.br\/sites\/default\/files\/thumbnails\/image\/tabela_auxilio_brasil_agosto.jpg?itok=ewpUQnsC\" alt=\"Calend\u00e1rio de pagamentos do Aux\u00edlio Brasil de R$ 600\" \/><\/div>\n<\/div>\n<div class=\"dnd-caption-wrapper\">\n<div class=\"meta\">Calend\u00e1rio de pagamentos do Aux\u00edlio Brasil de R$ 600 &#8211;\u00a0<strong>Di\u00e1rio Oficial da Uni\u00e3o<\/strong><\/div>\n<\/div>\n<\/div>\n<h2>Aux\u00edlio G\u00e1s<\/h2>\n<p>O Aux\u00edlio G\u00e1s tamb\u00e9m ser\u00e1 pago\u00a0hoje\u00a0\u00e0s fam\u00edlias inscritas\u00a0no Cadastro \u00danico para Programas Sociais do Governo Federal (Cad\u00danico), com NIS final 9. Com valor de R$ 110 neste m\u00eas, o benef\u00edcio segue o calend\u00e1rio do Aux\u00edlio Brasil.<\/p>\n<p>Com dura\u00e7\u00e3o prevista de cinco anos, o programa beneficiar\u00e1 5,5 milh\u00f5es de fam\u00edlias\u00a0at\u00e9 o fim de 2026. O benef\u00edcio, que equivalia a 50% do pre\u00e7o m\u00e9dio do botij\u00e3o de 13 quilos nos \u00faltimos seis meses, foi\u00a0retomado em agosto com o valor de 100% do pre\u00e7o m\u00e9dio, o que\u00a0<a href=\"https:\/\/agenciabrasil.ebc.com.br\/economia\/noticia\/2022-08\/auxilio-gas-sera-de-r-110-em-agosto-informa-caixa\" target=\"_blank\" rel=\"noopener\">equivale a R$ 110<\/a>. O aumento vigorar\u00e1 at\u00e9 dezembro, conforme emenda constitucional promulgada pelo Congresso.<\/p>\n<p>Pago a cada dois meses, o Aux\u00edlio G\u00e1s originalmente tinha or\u00e7amento de R$ 1,9 bilh\u00e3o para este ano, mas a verba subiu para R$ 2,95 bilh\u00f5es ap\u00f3s a promulga\u00e7\u00e3o da emenda.<\/p>\n<p>S\u00f3 pode fazer parte do programa quem est\u00e1 inclu\u00eddo no Cad\u00danico e tenha pelo menos um membro da fam\u00edlia que receba o Benef\u00edcio de Presta\u00e7\u00e3o Continuada (BPC). A lei que criou o programa definiu que a mulher respons\u00e1vel pela fam\u00edlia\u00a0ter\u00e1 prefer\u00eancia, assim como mulheres v\u00edtimas de viol\u00eancia\u00a0dom\u00e9stica.<\/p>\n<h2>Benef\u00edcios b\u00e1sicos<\/h2>\n<p>O Aux\u00edlio Brasil tem tr\u00eas benef\u00edcios b\u00e1sicos e seis suplementares, que podem ser adicionados caso o benefici\u00e1rio consiga emprego ou tenha filho que se destaque em competi\u00e7\u00f5es esportivas, cient\u00edficas ou\u00a0acad\u00eamicas.<\/p>\n<p>Podem receber os benef\u00edcios extras as fam\u00edlias com renda\u00a0<em>per capita<\/em>\u00a0de at\u00e9 R$ 100, consideradas em situa\u00e7\u00e3o de extrema pobreza, e at\u00e9 R$ 200,\u00a0em condi\u00e7\u00e3o de pobreza.<\/p>\n<p>A\u00a0<strong>Ag\u00eancia Brasil\u00a0<\/strong>elaborou um\u00a0<a href=\"http:\/\/agenciabrasil.ebc.com.br\/economia\/noticia\/2021-11\/agencia-brasil-explica-como-vai-funcionar-o-auxilio-brasil\" target=\"_blank\" rel=\"noopener\">guia de perguntas e respostas<\/a>\u00a0sobre o Aux\u00edlio Brasil. Entre as d\u00favidas que o benefici\u00e1rio pode tirar est\u00e3o os crit\u00e9rios para integrar o programa social, os nove tipos diferentes de benef\u00edcios e o que aconteceu com o Bolsa Fam\u00edlia e o aux\u00edlio emergencial, que vigoraram at\u00e9 outubro do ano passado.<\/p>\n<p><span style=\"font-weight: 400;\"><br \/>\n<\/span><span style=\"font-weight: 400;\">Fonte: Ag\u00eancia Brasil <\/span><\/p>\n","protected":false},"excerpt":{"rendered":"<p>A Caixa Econ\u00f4mica Federal paga\u00a0hoje\u00a0(19) a parcela\u00a0de agosto\u00a0do Aux\u00edlio Brasil aos benefici\u00e1rios com N\u00famero de Inscri\u00e7\u00e3o Social (NIS) de\u00a0final 9. Essa \u00e9 a primeira parcela com o valor m\u00ednimo de R$ 600, que vigorar\u00e1 at\u00e9 dezembro, conforme\u00a0emenda constitucional\u00a0promulgada em julho pelo Congresso Nacional. A emenda\u00a0tamb\u00e9m liberou a inclus\u00e3o de mais 2,2 milh\u00f5es de fam\u00edlias no [&hellip;]<\/p>\n","protected":false},"author":246,"featured_media":203275,"comment_status":"closed","ping_status":"closed","sticky":false,"template":"","format":"standard","meta":{"footnotes":""},"categories":[436,261,439],"tags":[],"class_list":["post-203274","post","type-post","status-publish","format-standard","has-post-thumbnail","hentry","category-destaque-da-semana","category-economia","category-ultima-hora"],"_links":{"self":[{"href":"https:\/\/diarioregionaldigital.com.br\/index.php?rest_route=\/wp\/v2\/posts\/203274","targetHints":{"allow":["GET"]}}],"collection":[{"href":"https:\/\/diarioregionaldigital.com.br\/index.php?rest_route=\/wp\/v2\/posts"}],"about":[{"href":"https:\/\/diarioregionaldigital.com.br\/index.php?rest_route=\/wp\/v2\/types\/post"}],"author":[{"embeddable":true,"href":"https:\/\/diarioregionaldigital.com.br\/index.php?rest_route=\/wp\/v2\/users\/246"}],"replies":[{"embeddable":true,"href":"https:\/\/diarioregionaldigital.com.br\/index.php?rest_route=%2Fwp%2Fv2%2Fcomments&post=203274"}],"version-history":[{"count":1,"href":"https:\/\/diarioregionaldigital.com.br\/index.php?rest_route=\/wp\/v2\/posts\/203274\/revisions"}],"predecessor-version":[{"id":203276,"href":"https:\/\/diarioregionaldigital.com.br\/index.php?rest_route=\/wp\/v2\/posts\/203274\/revisions\/203276"}],"wp:featuredmedia":[{"embeddable":true,"href":"https:\/\/diarioregionaldigital.com.br\/index.php?rest_route=\/wp\/v2\/media\/203275"}],"wp:attachment":[{"href":"https:\/\/diarioregionaldigital.com.br\/index.php?rest_route=%2Fwp%2Fv2%2Fmedia&parent=203274"}],"wp:term":[{"taxonomy":"category","embeddable":true,"href":"https:\/\/diarioregionaldigital.com.br\/index.php?rest_route=%2Fwp%2Fv2%2Fcategories&post=203274"},{"taxonomy":"post_tag","embeddable":true,"href":"https:\/\/diarioregionaldigital.com.br\/index.php?rest_route=%2Fwp%2Fv2%2Ftags&post=203274"}],"curies":[{"name":"wp","href":"https:\/\/api.w.org\/{rel}","templated":true}]}}