{"id":203271,"date":"2022-08-19T19:52:41","date_gmt":"2022-08-19T22:52:41","guid":{"rendered":"https:\/\/diarioregionaldigital.com.br\/?p=203271"},"modified":"2022-08-19T19:52:41","modified_gmt":"2022-08-19T22:52:41","slug":"assembleia-da-petrobras-avalia-nomes-para-conselho-de-administracao","status":"publish","type":"post","link":"https:\/\/diarioregionaldigital.com.br\/?p=203271","title":{"rendered":"Assembleia da Petrobras avalia nomes para Conselho de Administra\u00e7\u00e3o"},"content":{"rendered":"<p>A Petrobras realiza agora \u00e0 tarde Assembleia Geral Extraordin\u00e1ria (AGE) de acionistas para eleger oito membros do Conselho de Administra\u00e7\u00e3o.\u00a0Al\u00e9m do atual presidente da estatal, Caio Paes de Andrade, est\u00e3o confirmados na lista o secret\u00e1rio executivo da Casa Civil da Presid\u00eancia da Rep\u00fablica, J\u00f4nathas Assun\u00e7\u00e3o Salvador Nery de Castro, e o procurador-geral da Fazenda Nacional, Ricardo Soriano de Alencar.<img decoding=\"async\" src=\"https:\/\/agenciabrasil.ebc.com.br\/ebc.png?id=1477590&amp;o=node\" \/><img decoding=\"async\" src=\"https:\/\/agenciabrasil.ebc.com.br\/ebc.gif?id=1477590&amp;o=node\" \/><\/p>\n<p>Os nomes de Castro e Alencar, indicados pelo acionista majorit\u00e1rio, ou seja, a Uni\u00e3o, foram exclu\u00eddos da lista\u00a0em julho passado, porque o Comit\u00ea de Elegibilidade (Celeg) da companhia apontou a exist\u00eancia de conflito de interesse para que ocupassem assento no colegiado, ao mesmo tempo em que exerceriam cargo no governo federal.<\/p>\n<p>Entretanto, nos dias 11 e 15 deste m\u00eas, a Petrobras recebeu of\u00edcios dos minist\u00e9rios da Economia e de Minas e Energia, respectivamente, que ratificavam a indica\u00e7\u00e3o,\u00a0pelo acionista controlador, de Alencar e Castro para o Conselho de Administra\u00e7\u00e3o da empresa, a ser submetida \u00e0 AGE convocada para esta\u00a0sexta-feira.<\/p>\n<p>A assembleia ser\u00e1\u00a0<em>online<\/em>, por meio de plataforma digital, conforme estabelecido no edital de convoca\u00e7\u00e3o e manual de\u00a0participa\u00e7\u00e3o na reuni\u00e3o de acionistas, no \u00faltimo dia\u00a019 de julho.<\/p>\n<p>A lista para integrar o Conselho da Petrobras foi divulgada pelo Minist\u00e9rio de Minas e Energia no dia\u00a09 de junho, composta por Caio Mario Paes de Andrade (atual presidente da empresa),\u00a0Gileno Gurj\u00e3o Barreto (indicado para presidir o Conselho de Administra\u00e7\u00e3o),\u00a0Ricardo Soriano de Alencar,\u00a0Edison Antonio Costa Britto Garcia,\u00a0Jonathas Assun\u00e7\u00e3o Salvador Nery de Castro,\u00a0Ieda Aparecida de Moura Gagni,\u00a0Jos\u00e9 Jo\u00e3o Abdala Filho,\u00a0Marcelo Gasparino da Silva,\u00a0Ruy Flaks Schneider\u00a0e M\u00e1rcio Andrade Weber.<\/p>\n<p>A Petrobras informou, por meio da assessoria de imprensa, que o resultado da assembleia\u00a0dever\u00e1 ser divulgado ainda\u00a0hoje, ap\u00f3s o fechamento do mercado financeiro.<\/p>\n<p><span style=\"font-weight: 400;\">Fonte: Ag\u00eancia Brasil <\/span><\/p>\n","protected":false},"excerpt":{"rendered":"<p>A Petrobras realiza agora \u00e0 tarde Assembleia Geral Extraordin\u00e1ria (AGE) de acionistas para eleger oito membros do Conselho de Administra\u00e7\u00e3o.\u00a0Al\u00e9m do atual presidente da estatal, Caio Paes de Andrade, est\u00e3o confirmados na lista o secret\u00e1rio executivo da Casa Civil da Presid\u00eancia da Rep\u00fablica, J\u00f4nathas Assun\u00e7\u00e3o Salvador Nery de Castro, e o procurador-geral da Fazenda Nacional, [&hellip;]<\/p>\n","protected":false},"author":246,"featured_media":203272,"comment_status":"closed","ping_status":"closed","sticky":false,"template":"","format":"standard","meta":{"footnotes":""},"categories":[436,261,439],"tags":[],"class_list":["post-203271","post","type-post","status-publish","format-standard","has-post-thumbnail","hentry","category-destaque-da-semana","category-economia","category-ultima-hora"],"_links":{"self":[{"href":"https:\/\/diarioregionaldigital.com.br\/index.php?rest_route=\/wp\/v2\/posts\/203271","targetHints":{"allow":["GET"]}}],"collection":[{"href":"https:\/\/diarioregionaldigital.com.br\/index.php?rest_route=\/wp\/v2\/posts"}],"about":[{"href":"https:\/\/diarioregionaldigital.com.br\/index.php?rest_route=\/wp\/v2\/types\/post"}],"author":[{"embeddable":true,"href":"https:\/\/diarioregionaldigital.com.br\/index.php?rest_route=\/wp\/v2\/users\/246"}],"replies":[{"embeddable":true,"href":"https:\/\/diarioregionaldigital.com.br\/index.php?rest_route=%2Fwp%2Fv2%2Fcomments&post=203271"}],"version-history":[{"count":1,"href":"https:\/\/diarioregionaldigital.com.br\/index.php?rest_route=\/wp\/v2\/posts\/203271\/revisions"}],"predecessor-version":[{"id":203273,"href":"https:\/\/diarioregionaldigital.com.br\/index.php?rest_route=\/wp\/v2\/posts\/203271\/revisions\/203273"}],"wp:featuredmedia":[{"embeddable":true,"href":"https:\/\/diarioregionaldigital.com.br\/index.php?rest_route=\/wp\/v2\/media\/203272"}],"wp:attachment":[{"href":"https:\/\/diarioregionaldigital.com.br\/index.php?rest_route=%2Fwp%2Fv2%2Fmedia&parent=203271"}],"wp:term":[{"taxonomy":"category","embeddable":true,"href":"https:\/\/diarioregionaldigital.com.br\/index.php?rest_route=%2Fwp%2Fv2%2Fcategories&post=203271"},{"taxonomy":"post_tag","embeddable":true,"href":"https:\/\/diarioregionaldigital.com.br\/index.php?rest_route=%2Fwp%2Fv2%2Ftags&post=203271"}],"curies":[{"name":"wp","href":"https:\/\/api.w.org\/{rel}","templated":true}]}}