{"id":203267,"date":"2022-08-19T19:51:24","date_gmt":"2022-08-19T22:51:24","guid":{"rendered":"https:\/\/diarioregionaldigital.com.br\/?p=203267"},"modified":"2022-08-19T19:51:24","modified_gmt":"2022-08-19T22:51:24","slug":"bndes-lanca-inclusao-de-meis-em-programa-emergencial-de-credito","status":"publish","type":"post","link":"https:\/\/diarioregionaldigital.com.br\/?p=203267","title":{"rendered":"BNDES lan\u00e7a inclus\u00e3o de MEIs em programa emergencial de cr\u00e9dito"},"content":{"rendered":"<p>O Banco Nacional de Desenvolvimento Econ\u00f4mico e Social (BNDES) anuncia, na pr\u00f3xima\u00a0segunda-feira (22), a reabertura do Programa Emergencial de Acesso a Cr\u00e9dito (FGI PEAC). A novidade, na nova edi\u00e7\u00e3o,\u00a0\u00e9 que o programa incluir\u00e1 tamb\u00e9m microempreendedores individuais (MEIs) e microempresas, al\u00e9m de pequenas e m\u00e9dias empresas, contempladas anteriormente.<img decoding=\"async\" src=\"https:\/\/agenciabrasil.ebc.com.br\/ebc.png?id=1477630&amp;o=node\" \/><img decoding=\"async\" src=\"https:\/\/agenciabrasil.ebc.com.br\/ebc.gif?id=1477630&amp;o=node\" \/><\/p>\n<p>At\u00e9 o momento, 40 institui\u00e7\u00f5es financeiras j\u00e1 se habilitaram para operar com a linha. O programa\u00a0ter\u00e1 vig\u00eancia at\u00e9 dezembro de 2023.<\/p>\n<p>O BNDES informou que para que uma opera\u00e7\u00e3o de cr\u00e9dito seja eleg\u00edvel\u00a0\u00e0 garantia pelo programa, ela deve ser destinada a investimento ou capital de giro e\u00a0ter\u00a0valor entre R$ 1 mil e R$ 10 milh\u00f5es, com prazo de pagamento de at\u00e9 60 meses e car\u00eancia entre 6 e 12 meses. A cobertura estabelecida pelo programa \u00e9 de 80% do valor do contrato.<\/p>\n<p>A avalia\u00e7\u00e3o quanto ao uso do programa como garantia em opera\u00e7\u00f5es de cr\u00e9dito \u00e9 de responsabilidade dos bancos operadores. Cada um deles dever\u00e1 limitar a taxa de juros m\u00e9dia de sua carteira a 1,75% ao m\u00eas. Com essas condi\u00e7\u00f5es, a estimativa do BNDES \u00e9 que ser\u00e3o viabilizados R$ 22 bilh\u00f5es em novas opera\u00e7\u00f5es de cr\u00e9dito para MPMEs e MEIs at\u00e9 dezembro de 2023.<\/p>\n<p>De acordo com o BNDES, a ideia de priorizar fundos garantidores para MEIs e MPMEs estimula o mercado financeiro brasileiro a operar com esses segmentos. \u201cAo conceder garantias para quem fatura at\u00e9 R$ 300 milh\u00f5es ao ano, o FGI\/PEAC aumenta o apetite dos bancos a conceder cr\u00e9dito com condi\u00e7\u00f5es mais favor\u00e1veis aos clientes\u201d, concluiu a institui\u00e7\u00e3o.<\/p>\n<h2>Pandemia<\/h2>\n<p>O Programa Emergencial de Acesso a Cr\u00e9dito, em sua modalidade de garantias, foi institu\u00eddo pela Medida Provis\u00f3ria 975, de 1\u00ba de junho de 2020, convertida na Lei 14.042, em agosto daquele ano. Seu primeiro per\u00edodo de vig\u00eancia estimulou a obten\u00e7\u00e3o de cr\u00e9dito durante a crise econ\u00f4mica decorrente da pandemia da covid-19, visando apoiar principalmente as pequenas e m\u00e9dias empresas (PMEs), associa\u00e7\u00f5es, funda\u00e7\u00f5es de direito privado e cooperativas, excetuadas as cooperativas de cr\u00e9dito.<\/p>\n<p>A reabertura\u00a0foi propiciada pela Medida Provis\u00f3ria 1.114\/22, de\u00a020 de abril\u00a0de 2022, com a finalidade de contrata\u00e7\u00e3o de novas opera\u00e7\u00f5es at\u00e9\u00a031 de dezembro\u00a0de 2023.<\/p>\n<p><span style=\"font-weight: 400;\"><br \/>\n<\/span><span style=\"font-weight: 400;\">Fonte: Ag\u00eancia Brasil <\/span><\/p>\n","protected":false},"excerpt":{"rendered":"<p>O Banco Nacional de Desenvolvimento Econ\u00f4mico e Social (BNDES) anuncia, na pr\u00f3xima\u00a0segunda-feira (22), a reabertura do Programa Emergencial de Acesso a Cr\u00e9dito (FGI PEAC). A novidade, na nova edi\u00e7\u00e3o,\u00a0\u00e9 que o programa incluir\u00e1 tamb\u00e9m microempreendedores individuais (MEIs) e microempresas, al\u00e9m de pequenas e m\u00e9dias empresas, contempladas anteriormente. At\u00e9 o momento, 40 institui\u00e7\u00f5es financeiras j\u00e1 se [&hellip;]<\/p>\n","protected":false},"author":246,"featured_media":203269,"comment_status":"closed","ping_status":"closed","sticky":false,"template":"","format":"standard","meta":{"footnotes":""},"categories":[436,261,439],"tags":[],"class_list":["post-203267","post","type-post","status-publish","format-standard","has-post-thumbnail","hentry","category-destaque-da-semana","category-economia","category-ultima-hora"],"_links":{"self":[{"href":"https:\/\/diarioregionaldigital.com.br\/index.php?rest_route=\/wp\/v2\/posts\/203267","targetHints":{"allow":["GET"]}}],"collection":[{"href":"https:\/\/diarioregionaldigital.com.br\/index.php?rest_route=\/wp\/v2\/posts"}],"about":[{"href":"https:\/\/diarioregionaldigital.com.br\/index.php?rest_route=\/wp\/v2\/types\/post"}],"author":[{"embeddable":true,"href":"https:\/\/diarioregionaldigital.com.br\/index.php?rest_route=\/wp\/v2\/users\/246"}],"replies":[{"embeddable":true,"href":"https:\/\/diarioregionaldigital.com.br\/index.php?rest_route=%2Fwp%2Fv2%2Fcomments&post=203267"}],"version-history":[{"count":1,"href":"https:\/\/diarioregionaldigital.com.br\/index.php?rest_route=\/wp\/v2\/posts\/203267\/revisions"}],"predecessor-version":[{"id":203270,"href":"https:\/\/diarioregionaldigital.com.br\/index.php?rest_route=\/wp\/v2\/posts\/203267\/revisions\/203270"}],"wp:featuredmedia":[{"embeddable":true,"href":"https:\/\/diarioregionaldigital.com.br\/index.php?rest_route=\/wp\/v2\/media\/203269"}],"wp:attachment":[{"href":"https:\/\/diarioregionaldigital.com.br\/index.php?rest_route=%2Fwp%2Fv2%2Fmedia&parent=203267"}],"wp:term":[{"taxonomy":"category","embeddable":true,"href":"https:\/\/diarioregionaldigital.com.br\/index.php?rest_route=%2Fwp%2Fv2%2Fcategories&post=203267"},{"taxonomy":"post_tag","embeddable":true,"href":"https:\/\/diarioregionaldigital.com.br\/index.php?rest_route=%2Fwp%2Fv2%2Ftags&post=203267"}],"curies":[{"name":"wp","href":"https:\/\/api.w.org\/{rel}","templated":true}]}}