{"id":203260,"date":"2022-08-19T00:17:54","date_gmt":"2022-08-19T03:17:54","guid":{"rendered":"https:\/\/diarioregionaldigital.com.br\/?p=203260"},"modified":"2022-08-19T00:17:54","modified_gmt":"2022-08-19T03:17:54","slug":"prefeitura-municipal-de-descoberto-extrato-de-contrato-19-08-2022","status":"publish","type":"post","link":"https:\/\/diarioregionaldigital.com.br\/?p=203260","title":{"rendered":"Prefeitura Municipal de Descoberto &#8211; Extrato de Contrato &#8211; 19\/08\/2022"},"content":{"rendered":"<p style=\"text-align: center;\"><strong>EXTRATO DE CONTRATO<\/strong><\/p>\n<p style=\"text-align: center;\">Pref. Municipal de Descoberto x TJ Rodeios Produ\u00e7\u00f5es e Eventos Ltda- &#8211; Fundamento: Contrata\u00e7\u00e3o de empresa especializada em estrutura completa para Rodeio para a 12\u00aa Exposi\u00e7\u00e3o Agropecu\u00e1ria e Industrial de Descoberto-Preg\u00e3o n\u00ba 020\/2022 \u2013 Valor Global: 170.000,00 \u2013 Vig\u00eancia: 06 meses \u2013 Dot or\u00e7: 02.02006.20.606.0014.216-339039\/100- Ass: 19\/08\/2022- Foro: S\u00e3o Jo\u00e3o Nepomuceno\/MG.<\/p>\n<p style=\"text-align: center;\"><strong>Marcos de Ara\u00fajo Lima<\/strong><br \/>\n<strong>Prefeito Municipal<\/strong><\/p>\n","protected":false},"excerpt":{"rendered":"<p>EXTRATO DE CONTRATO Pref. Municipal de Descoberto x TJ Rodeios Produ\u00e7\u00f5es e Eventos Ltda- &#8211; Fundamento: Contrata\u00e7\u00e3o de empresa especializada em estrutura completa para Rodeio para a 12\u00aa Exposi\u00e7\u00e3o Agropecu\u00e1ria e Industrial de Descoberto-Preg\u00e3o n\u00ba 020\/2022 \u2013 Valor Global: 170.000,00 \u2013 Vig\u00eancia: 06 meses \u2013 Dot or\u00e7: 02.02006.20.606.0014.216-339039\/100- Ass: 19\/08\/2022- Foro: S\u00e3o Jo\u00e3o Nepomuceno\/MG. Marcos [&hellip;]<\/p>\n","protected":false},"author":96,"featured_media":0,"comment_status":"closed","ping_status":"closed","sticky":false,"template":"","format":"standard","meta":{"footnotes":""},"categories":[307],"tags":[],"class_list":["post-203260","post","type-post","status-publish","format-standard","hentry","category-editais"],"_links":{"self":[{"href":"https:\/\/diarioregionaldigital.com.br\/index.php?rest_route=\/wp\/v2\/posts\/203260","targetHints":{"allow":["GET"]}}],"collection":[{"href":"https:\/\/diarioregionaldigital.com.br\/index.php?rest_route=\/wp\/v2\/posts"}],"about":[{"href":"https:\/\/diarioregionaldigital.com.br\/index.php?rest_route=\/wp\/v2\/types\/post"}],"author":[{"embeddable":true,"href":"https:\/\/diarioregionaldigital.com.br\/index.php?rest_route=\/wp\/v2\/users\/96"}],"replies":[{"embeddable":true,"href":"https:\/\/diarioregionaldigital.com.br\/index.php?rest_route=%2Fwp%2Fv2%2Fcomments&post=203260"}],"version-history":[{"count":1,"href":"https:\/\/diarioregionaldigital.com.br\/index.php?rest_route=\/wp\/v2\/posts\/203260\/revisions"}],"predecessor-version":[{"id":203261,"href":"https:\/\/diarioregionaldigital.com.br\/index.php?rest_route=\/wp\/v2\/posts\/203260\/revisions\/203261"}],"wp:attachment":[{"href":"https:\/\/diarioregionaldigital.com.br\/index.php?rest_route=%2Fwp%2Fv2%2Fmedia&parent=203260"}],"wp:term":[{"taxonomy":"category","embeddable":true,"href":"https:\/\/diarioregionaldigital.com.br\/index.php?rest_route=%2Fwp%2Fv2%2Fcategories&post=203260"},{"taxonomy":"post_tag","embeddable":true,"href":"https:\/\/diarioregionaldigital.com.br\/index.php?rest_route=%2Fwp%2Fv2%2Ftags&post=203260"}],"curies":[{"name":"wp","href":"https:\/\/api.w.org\/{rel}","templated":true}]}}