{"id":203252,"date":"2022-08-19T00:08:28","date_gmt":"2022-08-19T03:08:28","guid":{"rendered":"https:\/\/diarioregionaldigital.com.br\/?p=203252"},"modified":"2022-08-19T00:08:28","modified_gmt":"2022-08-19T03:08:28","slug":"prescricoes-para-o-cristao-envolvido-na-politica","status":"publish","type":"post","link":"https:\/\/diarioregionaldigital.com.br\/?p=203252","title":{"rendered":"Prescri\u00e7\u00f5es para o Crist\u00e3o envolvido na pol\u00edtica"},"content":{"rendered":"<p>Estamos entrando em mais um per\u00edodo eleitoral. Desta vez com o acento de forte polariza\u00e7\u00e3o pol\u00edtica. S\u00e3o muitos candidatos na disputa nacional, por\u00e9m, existem claramente dois vetores fortemente contenciosos.<\/p>\n<p>Muitos crist\u00e3os tomaram um dos lados do debate, o que n\u00e3o \u00e9 necessariamente ruim, desde que isso n\u00e3o domine o cora\u00e7\u00e3o ou perturbe a f\u00e9, pois o Crist\u00e3o, antes de ingerir as controv\u00e9rsias do mundo, deve se lembrar das coisas de Deus.<\/p>\n<p>Portanto, antes de se envolver com os calores da pol\u00edtica, \u00e9 salutar relembrar algumas prescri\u00e7\u00f5es e aqui vamos mentalizar 6 delas:<\/p>\n<p>A primeira \u00e9 lembrar que o nosso Soberano n\u00e3o \u00e9 nenhum ser humano, mas t\u00e3o somente Cristo: \u201cEnt\u00e3o, Jesus aproximou-se deles e disse: \u2018Foi-me dada toda a autoridade no c\u00e9u e na terra\u2019\u201d (Mateus 28: 18).<\/p>\n<p>A segunda \u00e9 que a cidadania do s\u00fadito de Cristo n\u00e3o \u00e9 deste mundo, n\u00e3o \u00e9 aqui da Terra, mas do Reino Celestial: \u201cA nossa cidadania, por\u00e9m, est\u00e1 nos c\u00e9us, de onde esperamos ansiosamente um Salvador, o Senhor Jesus Cristo\u201d (Filipenses 3: 20).<\/p>\n<p>A terceira prescri\u00e7\u00e3o \u00e9 que, ao tomar parte do Reino, o Crist\u00e3o sabe que deve defender as cores e o bras\u00e3o dele, agindo aqui na Terra como um embaixador de sua P\u00e1tria celestial: \u201cDe sorte que somos embaixadores da parte de Cristo, como se Deus por n\u00f3s rogasse. Rogamo-vos, pois, da parte de Cristo, que vos reconcilieis com Deus\u201d (2 Cor\u00edntios 5: 20).<\/p>\n<p>A quarta \u00e9 que, na condi\u00e7\u00e3o de embaixadores do Reino, os crist\u00e3os devem divulgar a sua plataforma pol\u00edtica antes de qualquer outra, mesmo porque ela vige acima de qualquer outra: \u201cPorque o reino de Deus n\u00e3o \u00e9 comida nem bebida, mas justi\u00e7a, e paz, e alegria no Esp\u00edrito Santo\u201d (Romanos 14: 17).<\/p>\n<p>Essas quatro prescri\u00e7\u00f5es afastam a hip\u00f3tese do Crist\u00e3o tomar parte nos debates sobre os rumos da pol\u00edtica mundana como se estivesse pelejando no campo de batalha priorit\u00e1rio. \u00c9 justamente tal consci\u00eancia que nos conduz a perceber a quinta prescri\u00e7\u00e3o, a de que nossa luta n\u00e3o \u00e9 contra pessoas, mas contra as for\u00e7as das trevas:<\/p>\n<p>\u201cPorque n\u00e3o temos que lutar contra a carne e o sangue, mas, sim, contra os principados, contra as potestades, contra os pr\u00edncipes das trevas deste s\u00e9culo, contra as hostes espirituais da maldade, nos lugares celestiais\u201d (Ef\u00e9sios 6: 12).<\/p>\n<p>E se a nossa luta n\u00e3o \u00e9 contra \u201ccarne e sangue\u201d, e se somos embaixadores comissionados a divulgar a plataforma do Reino de Deus, como poderemos deixar o calor de contendas terrenas perturbar nossa miss\u00e3o? \u201cMas n\u00e3o entres em quest\u00f5es loucas, genealogias e contendas, e nos debates acerca da lei; porque s\u00e3o coisas in\u00fateis e v\u00e3s\u201d (Tito 3: 9).<\/p>\n<p>Enz\u00e3o, a sexta prescri\u00e7\u00e3o \u00e9 a seguinte: a politiza\u00e7\u00e3o n\u00e3o pode tirar nosso foco de jeito nenhum. Quando o Crist\u00e3o decide tomar parte nos debates pol\u00edticos, deve faz\u00ea-lo no tempo devido, com a paci\u00eancia requerida e com a modera\u00e7\u00e3o necess\u00e1ria independente de qu\u00e3o larga seja a discord\u00e2ncia: \u201cQue a ningu\u00e9m infamem, nem sejam contenciosos, mas modestos, mostrando toda a mansid\u00e3o para com todos os homens\u201d (Tito 3: 2).<\/p>\n<p>E se voc\u00ea estiver em d\u00favidas de qual lado do espectro pol\u00edtico se filiar, lembre-se da recomenda\u00e7\u00e3o que o pr\u00f3prio Deus deu a Josu\u00e9 (1.7): n\u00e3o desvie o seu p\u00e9 nem para a direita, nem para a esquerda !!!<\/p>\n<p>E as Escrituras refor\u00e7am em outra parte: \u201cN\u00e3o declines nem para a direita nem para a esquerda; retira o teu p\u00e9 do mal\u201d (Prov\u00e9rbios 4: 27)<\/p>\n<p>Lembrando-se de que Deus n\u00e3o tem lado, Ele \u00e9 tudo em todos.<\/p>\n","protected":false},"excerpt":{"rendered":"<p>Estamos entrando em mais um per\u00edodo eleitoral. Desta vez com o acento de forte polariza\u00e7\u00e3o pol\u00edtica. S\u00e3o muitos candidatos na disputa nacional, por\u00e9m, existem claramente dois vetores fortemente contenciosos. Muitos crist\u00e3os tomaram um dos lados do debate, o que n\u00e3o \u00e9 necessariamente ruim, desde que isso n\u00e3o domine o cora\u00e7\u00e3o ou perturbe a f\u00e9, pois [&hellip;]<\/p>\n","protected":false},"author":96,"featured_media":0,"comment_status":"closed","ping_status":"closed","sticky":false,"template":"","format":"standard","meta":{"footnotes":""},"categories":[1244],"tags":[],"class_list":["post-203252","post","type-post","status-publish","format-standard","hentry","category-oleg-abramov"],"_links":{"self":[{"href":"https:\/\/diarioregionaldigital.com.br\/index.php?rest_route=\/wp\/v2\/posts\/203252","targetHints":{"allow":["GET"]}}],"collection":[{"href":"https:\/\/diarioregionaldigital.com.br\/index.php?rest_route=\/wp\/v2\/posts"}],"about":[{"href":"https:\/\/diarioregionaldigital.com.br\/index.php?rest_route=\/wp\/v2\/types\/post"}],"author":[{"embeddable":true,"href":"https:\/\/diarioregionaldigital.com.br\/index.php?rest_route=\/wp\/v2\/users\/96"}],"replies":[{"embeddable":true,"href":"https:\/\/diarioregionaldigital.com.br\/index.php?rest_route=%2Fwp%2Fv2%2Fcomments&post=203252"}],"version-history":[{"count":1,"href":"https:\/\/diarioregionaldigital.com.br\/index.php?rest_route=\/wp\/v2\/posts\/203252\/revisions"}],"predecessor-version":[{"id":203253,"href":"https:\/\/diarioregionaldigital.com.br\/index.php?rest_route=\/wp\/v2\/posts\/203252\/revisions\/203253"}],"wp:attachment":[{"href":"https:\/\/diarioregionaldigital.com.br\/index.php?rest_route=%2Fwp%2Fv2%2Fmedia&parent=203252"}],"wp:term":[{"taxonomy":"category","embeddable":true,"href":"https:\/\/diarioregionaldigital.com.br\/index.php?rest_route=%2Fwp%2Fv2%2Fcategories&post=203252"},{"taxonomy":"post_tag","embeddable":true,"href":"https:\/\/diarioregionaldigital.com.br\/index.php?rest_route=%2Fwp%2Fv2%2Ftags&post=203252"}],"curies":[{"name":"wp","href":"https:\/\/api.w.org\/{rel}","templated":true}]}}