{"id":203244,"date":"2022-08-18T21:01:17","date_gmt":"2022-08-19T00:01:17","guid":{"rendered":"https:\/\/diarioregionaldigital.com.br\/?p=203244"},"modified":"2022-08-18T21:01:17","modified_gmt":"2022-08-19T00:01:17","slug":"operacao-tapa-buraco-atende-santa-lucia-e-outros-nove-bairros-nesta-quinta-feira-18","status":"publish","type":"post","link":"https:\/\/diarioregionaldigital.com.br\/?p=203244","title":{"rendered":"Opera\u00e7\u00e3o tapa-buraco atende Santa L\u00facia e outros nove bairros nesta quinta-feira, 18"},"content":{"rendered":"<p>Segundo informa\u00e7\u00f5es do site da Prefeitura de Juiz de Fora (PJF), a opera\u00e7\u00e3o tapa-buraco da Prefeitura de Juiz de Fora esteve em dez bairros da cidade nesta quinta-feira, 18. No bairro Santa L\u00facia, as equipes estiveram nas ruas Jos\u00e9 Gustavo do Nascimento e Maria D\u2019Assump\u00e7\u00e3o Rocha, com servi\u00e7os de recomposi\u00e7\u00e3o asf\u00e1ltica.<\/p>\n<p>&nbsp;<\/p>\n<p>No bairro Nossa Senhora Aparecida, a rua de mesmo nome tamb\u00e9m recebeu as equipes da Empresa Municipal de Pavimenta\u00e7\u00e3o e Urbanidades (Empav), e a manuten\u00e7\u00e3o do pavimento j\u00e1 proporciona mais seguran\u00e7a e mobilidade para quem passa na regi\u00e3o.<\/p>\n<p>&nbsp;<\/p>\n<p><strong>Veja abaixo a lista completa de bairros atendidos nesta quinta-feira, 18:<\/strong><\/p>\n<p>N. Sra. Aparecida<\/p>\n<p>Parque Independ\u00eancia<\/p>\n<p>Bom Clima<\/p>\n<p>Santa L\u00facia<\/p>\n<p>Santa Efig\u00eania<\/p>\n<p>Vila Ideal<\/p>\n<p>JK<\/p>\n<p>N. Sra. de Lourdes<\/p>\n<p>Aeroporto<\/p>\n<p>Linhares<\/p>\n<p>&nbsp;<\/p>\n<p>Os trabalhos seguem em andamento em v\u00e1rios pontos da cidade e a programa\u00e7\u00e3o completa das atividades realizadas pela Empav pode ser acompanhada diariamente atrav\u00e9s da p\u00e1gina do Gabinete de A\u00e7\u00e3o e Di\u00e1logo Comunit\u00e1rio, pelo<a href=\"https:\/\/www.pjf.mg.gov.br\/gabinetecomunitario\/#onde\">\u00a0link<\/a>.<\/p>\n<p>&nbsp;<\/p>\n<p>Todas as a\u00e7\u00f5es de reestrutura\u00e7\u00e3o, urbaniza\u00e7\u00e3o e zeladoria realizadas pela Empresa Municipal de Pavimenta\u00e7\u00e3o e Urbanidades (Empav) fazem parte do Programa Boniteza. Estes e outros servi\u00e7os podem ser solicitados atrav\u00e9s do Gabinete de A\u00e7\u00e3o e Di\u00e1logo Comunit\u00e1rio, que recebe e organiza pedidos relativos a interven\u00e7\u00f5es e melhorias urbanas. O contato pode ser feito por liga\u00e7\u00e3o telef\u00f4nica, pelo n\u00famero (32) 3690-7241 ou, ainda, via WhatsApp, utilizando o mesmo n\u00famero.<\/p>\n","protected":false},"excerpt":{"rendered":"<p>Segundo informa\u00e7\u00f5es do site da Prefeitura de Juiz de Fora (PJF), a opera\u00e7\u00e3o tapa-buraco da Prefeitura de Juiz de Fora esteve em dez bairros da cidade nesta quinta-feira, 18. No bairro Santa L\u00facia, as equipes estiveram nas ruas Jos\u00e9 Gustavo do Nascimento e Maria D\u2019Assump\u00e7\u00e3o Rocha, com servi\u00e7os de recomposi\u00e7\u00e3o asf\u00e1ltica. &nbsp; No bairro Nossa [&hellip;]<\/p>\n","protected":false},"author":246,"featured_media":203246,"comment_status":"closed","ping_status":"closed","sticky":false,"template":"","format":"standard","meta":{"footnotes":""},"categories":[253,436,439],"tags":[],"class_list":["post-203244","post","type-post","status-publish","format-standard","has-post-thumbnail","hentry","category-cidade","category-destaque-da-semana","category-ultima-hora"],"_links":{"self":[{"href":"https:\/\/diarioregionaldigital.com.br\/index.php?rest_route=\/wp\/v2\/posts\/203244","targetHints":{"allow":["GET"]}}],"collection":[{"href":"https:\/\/diarioregionaldigital.com.br\/index.php?rest_route=\/wp\/v2\/posts"}],"about":[{"href":"https:\/\/diarioregionaldigital.com.br\/index.php?rest_route=\/wp\/v2\/types\/post"}],"author":[{"embeddable":true,"href":"https:\/\/diarioregionaldigital.com.br\/index.php?rest_route=\/wp\/v2\/users\/246"}],"replies":[{"embeddable":true,"href":"https:\/\/diarioregionaldigital.com.br\/index.php?rest_route=%2Fwp%2Fv2%2Fcomments&post=203244"}],"version-history":[{"count":1,"href":"https:\/\/diarioregionaldigital.com.br\/index.php?rest_route=\/wp\/v2\/posts\/203244\/revisions"}],"predecessor-version":[{"id":203247,"href":"https:\/\/diarioregionaldigital.com.br\/index.php?rest_route=\/wp\/v2\/posts\/203244\/revisions\/203247"}],"wp:featuredmedia":[{"embeddable":true,"href":"https:\/\/diarioregionaldigital.com.br\/index.php?rest_route=\/wp\/v2\/media\/203246"}],"wp:attachment":[{"href":"https:\/\/diarioregionaldigital.com.br\/index.php?rest_route=%2Fwp%2Fv2%2Fmedia&parent=203244"}],"wp:term":[{"taxonomy":"category","embeddable":true,"href":"https:\/\/diarioregionaldigital.com.br\/index.php?rest_route=%2Fwp%2Fv2%2Fcategories&post=203244"},{"taxonomy":"post_tag","embeddable":true,"href":"https:\/\/diarioregionaldigital.com.br\/index.php?rest_route=%2Fwp%2Fv2%2Ftags&post=203244"}],"curies":[{"name":"wp","href":"https:\/\/api.w.org\/{rel}","templated":true}]}}