{"id":203241,"date":"2022-08-18T20:58:27","date_gmt":"2022-08-18T23:58:27","guid":{"rendered":"https:\/\/diarioregionaldigital.com.br\/?p=203241"},"modified":"2022-08-18T20:58:27","modified_gmt":"2022-08-18T23:58:27","slug":"casa-florescer-realiza-atividades-para-pessoas-com-direitos-violados","status":"publish","type":"post","link":"https:\/\/diarioregionaldigital.com.br\/?p=203241","title":{"rendered":"Casa Florescer realiza atividades para pessoas com direitos violados"},"content":{"rendered":"<p>Segundo informa\u00e7\u00f5es do site da Prefeitura de Juiz de Fora (PJF), dia 19 de agosto \u00e9 o Dia Nacional de Luta da Popula\u00e7\u00e3o em Situa\u00e7\u00e3o de Rua. Al\u00e9m da data, o m\u00eas conta, tamb\u00e9m, com a programa\u00e7\u00e3o do Agosto Lil\u00e1s e com muitas atividades que visam estimular o debate, a reflex\u00e3o e o enfrentamento \u00e0 viol\u00eancia contra a mulher. Pensando nisso, a Casa Florescer, entidade parceira da Prefeitura de Juiz de Fora (PJF) realiza nesta quinta-feira, 18, uma s\u00e9rie de palestras e encontros sobre a viol\u00eancia contra mulheres em situa\u00e7\u00e3o de rua.<\/p>\n<p>&nbsp;<\/p>\n<p>O objetivo desses momentos \u00e9 trazer a reflex\u00e3o sobre a tem\u00e1tica e mostrar que os equipamentos sociais do munic\u00edpio est\u00e3o de bra\u00e7os abertos para esse p\u00fablico.\u00a0 Foram realizados atendimentos, rodas de conversa e oficinas para dar \u00eanfase ao tema proposto. Um dos encontros abordou o tema: \u201cViol\u00eancia e sobrecarga: como vivem as mulheres em situa\u00e7\u00e3o de rua?\u201d, para dar in\u00edcio \u00e0 campanha que alerta sobre a condi\u00e7\u00e3o de milhares de cidad\u00e3os que est\u00e3o em situa\u00e7\u00e3o de rua e sofrem viola\u00e7\u00e3o de seus direitos.<\/p>\n<p>&nbsp;<\/p>\n<p>Segundo a coordenadora da Casa Florescer, a assistente social Camila Schiavon, as atividades s\u00e3o de extrema import\u00e2ncia para criar esse v\u00ednculo de humaniza\u00e7\u00e3o, respeito e valoriza\u00e7\u00e3o dessas mulheres. \u201cNa Casa Florescer, n\u00f3s atendemos pessoas em situa\u00e7\u00e3o de vulnerabilidade com o direito violado. A proposta \u00e9 incentivar e colaborar com o protagonismo por meio de a\u00e7\u00f5es que orientam sobre independ\u00eancia econ\u00f4mica, preven\u00e7\u00e3o da viol\u00eancia dom\u00e9stica, respeito \u00e0 diversidade sexual e identidade de g\u00eanero e outros temas importantes para o acolhimento, empoderamento, crescimento e fortalecimento da mulher\u201d.<\/p>\n<p>&nbsp;<\/p>\n<p><strong>A Casa Florescer<\/strong><\/p>\n<p>A Casa Florescer est\u00e1 sob o comando da Ag\u00eancia Adventista de Desenvolvimento e Recursos Assistenciais Sudeste (Adra), uma Organiza\u00e7\u00e3o da Sociedade Civil (OSC) em parceria com a Secretaria de Assist\u00eancia Social.\u00a0O endere\u00e7o \u00e9 Rua Uruguaiana, 94, bairro Jardim Gl\u00f3ria. Al\u00e9m do atendimento individual, o espa\u00e7o oferece atendimento psicossocial e terap\u00eautico, din\u00e2micas em grupo, rodas de conversa, debates, oficinas, atividades educativas e de aprendizado, entre outros servi\u00e7os.<\/p>\n<p>&nbsp;<\/p>\n","protected":false},"excerpt":{"rendered":"<p>Segundo informa\u00e7\u00f5es do site da Prefeitura de Juiz de Fora (PJF), dia 19 de agosto \u00e9 o Dia Nacional de Luta da Popula\u00e7\u00e3o em Situa\u00e7\u00e3o de Rua. Al\u00e9m da data, o m\u00eas conta, tamb\u00e9m, com a programa\u00e7\u00e3o do Agosto Lil\u00e1s e com muitas atividades que visam estimular o debate, a reflex\u00e3o e o enfrentamento \u00e0 [&hellip;]<\/p>\n","protected":false},"author":246,"featured_media":203242,"comment_status":"closed","ping_status":"closed","sticky":false,"template":"","format":"standard","meta":{"footnotes":""},"categories":[253,436,439],"tags":[],"class_list":["post-203241","post","type-post","status-publish","format-standard","has-post-thumbnail","hentry","category-cidade","category-destaque-da-semana","category-ultima-hora"],"_links":{"self":[{"href":"https:\/\/diarioregionaldigital.com.br\/index.php?rest_route=\/wp\/v2\/posts\/203241","targetHints":{"allow":["GET"]}}],"collection":[{"href":"https:\/\/diarioregionaldigital.com.br\/index.php?rest_route=\/wp\/v2\/posts"}],"about":[{"href":"https:\/\/diarioregionaldigital.com.br\/index.php?rest_route=\/wp\/v2\/types\/post"}],"author":[{"embeddable":true,"href":"https:\/\/diarioregionaldigital.com.br\/index.php?rest_route=\/wp\/v2\/users\/246"}],"replies":[{"embeddable":true,"href":"https:\/\/diarioregionaldigital.com.br\/index.php?rest_route=%2Fwp%2Fv2%2Fcomments&post=203241"}],"version-history":[{"count":2,"href":"https:\/\/diarioregionaldigital.com.br\/index.php?rest_route=\/wp\/v2\/posts\/203241\/revisions"}],"predecessor-version":[{"id":203245,"href":"https:\/\/diarioregionaldigital.com.br\/index.php?rest_route=\/wp\/v2\/posts\/203241\/revisions\/203245"}],"wp:featuredmedia":[{"embeddable":true,"href":"https:\/\/diarioregionaldigital.com.br\/index.php?rest_route=\/wp\/v2\/media\/203242"}],"wp:attachment":[{"href":"https:\/\/diarioregionaldigital.com.br\/index.php?rest_route=%2Fwp%2Fv2%2Fmedia&parent=203241"}],"wp:term":[{"taxonomy":"category","embeddable":true,"href":"https:\/\/diarioregionaldigital.com.br\/index.php?rest_route=%2Fwp%2Fv2%2Fcategories&post=203241"},{"taxonomy":"post_tag","embeddable":true,"href":"https:\/\/diarioregionaldigital.com.br\/index.php?rest_route=%2Fwp%2Fv2%2Ftags&post=203241"}],"curies":[{"name":"wp","href":"https:\/\/api.w.org\/{rel}","templated":true}]}}