{"id":203238,"date":"2022-08-18T20:56:38","date_gmt":"2022-08-18T23:56:38","guid":{"rendered":"https:\/\/diarioregionaldigital.com.br\/?p=203238"},"modified":"2022-08-18T20:56:38","modified_gmt":"2022-08-18T23:56:38","slug":"remodelacao-da-rede-de-esgoto-da-rua-santa-terezinha-comeca-nesta-sexta-feira-19","status":"publish","type":"post","link":"https:\/\/diarioregionaldigital.com.br\/?p=203238","title":{"rendered":"Remodela\u00e7\u00e3o da rede de esgoto da Rua Santa Terezinha come\u00e7a nesta sexta-feira, 19"},"content":{"rendered":"<p>Segundo informa\u00e7\u00f5es do site da Prefeitura de Juiz de Fora (PJF), nesta sexta-feira, 19, a Prefeitura de Juiz de Fora (PJF) inicia os trabalhos de remodela\u00e7\u00e3o de mais de 570 metros de redes de esgoto no bairro Santa Terezinha. At\u00e9 novembro, as ruas Santa Terezinha, Cabo Ferraz e Coronel Almeida Novaes ir\u00e3o receber tubos de PVC ocre, com di\u00e2metro de 200 mil\u00edmetros, um porte superior ao das antigas manilhas de barro que atendiam a regi\u00e3o. Assim, ser\u00e1 poss\u00edvel refor\u00e7ar os servi\u00e7os de coleta na comunidade, al\u00e9m de aumentar a vida \u00fatil da tubula\u00e7\u00e3o e facilitar sua manuten\u00e7\u00e3o.<\/p>\n<p>&nbsp;<\/p>\n<p>Nesse primeiro momento, a interven\u00e7\u00e3o estar\u00e1 focada na Rua Santa Terezinha, ap\u00f3s o n\u00famero 553 da via at\u00e9 a Rua Coronel Almeida Novais. Para a execu\u00e7\u00e3o do servi\u00e7o, ser\u00e1 preciso interditar totalmente o tr\u00e2nsito nesse trecho, de segunda a sexta-feira, das 8h \u00e0s 17h. Assim, a Companhia de Saneamento Municipal (Cesama) pede aos moradores que, se poss\u00edvel, retirem seus ve\u00edculos da rua antes do in\u00edcio dos trabalhos.<\/p>\n<p>&nbsp;<\/p>\n<p>As a\u00e7\u00f5es de remodela\u00e7\u00e3o s\u00e3o realizadas ao longo de todo o ano, seguindo programa\u00e7\u00e3o de prioridades, quando \u00e9 avaliada a necessidade de troca. Esta an\u00e1lise leva em conta a antiguidade e o desgaste do material, o fato de o dimensionamento da tubula\u00e7\u00e3o j\u00e1 n\u00e3o ser compat\u00edvel com o n\u00famero de im\u00f3veis atendidos e os transtornos causados aos usu\u00e1rios do sistema, al\u00e9m dos custos de manuten\u00e7\u00e3o.<\/p>\n","protected":false},"excerpt":{"rendered":"<p>Segundo informa\u00e7\u00f5es do site da Prefeitura de Juiz de Fora (PJF), nesta sexta-feira, 19, a Prefeitura de Juiz de Fora (PJF) inicia os trabalhos de remodela\u00e7\u00e3o de mais de 570 metros de redes de esgoto no bairro Santa Terezinha. At\u00e9 novembro, as ruas Santa Terezinha, Cabo Ferraz e Coronel Almeida Novaes ir\u00e3o receber tubos de [&hellip;]<\/p>\n","protected":false},"author":246,"featured_media":203239,"comment_status":"closed","ping_status":"closed","sticky":false,"template":"","format":"standard","meta":{"footnotes":""},"categories":[253,436,439],"tags":[],"class_list":["post-203238","post","type-post","status-publish","format-standard","has-post-thumbnail","hentry","category-cidade","category-destaque-da-semana","category-ultima-hora"],"_links":{"self":[{"href":"https:\/\/diarioregionaldigital.com.br\/index.php?rest_route=\/wp\/v2\/posts\/203238","targetHints":{"allow":["GET"]}}],"collection":[{"href":"https:\/\/diarioregionaldigital.com.br\/index.php?rest_route=\/wp\/v2\/posts"}],"about":[{"href":"https:\/\/diarioregionaldigital.com.br\/index.php?rest_route=\/wp\/v2\/types\/post"}],"author":[{"embeddable":true,"href":"https:\/\/diarioregionaldigital.com.br\/index.php?rest_route=\/wp\/v2\/users\/246"}],"replies":[{"embeddable":true,"href":"https:\/\/diarioregionaldigital.com.br\/index.php?rest_route=%2Fwp%2Fv2%2Fcomments&post=203238"}],"version-history":[{"count":1,"href":"https:\/\/diarioregionaldigital.com.br\/index.php?rest_route=\/wp\/v2\/posts\/203238\/revisions"}],"predecessor-version":[{"id":203240,"href":"https:\/\/diarioregionaldigital.com.br\/index.php?rest_route=\/wp\/v2\/posts\/203238\/revisions\/203240"}],"wp:featuredmedia":[{"embeddable":true,"href":"https:\/\/diarioregionaldigital.com.br\/index.php?rest_route=\/wp\/v2\/media\/203239"}],"wp:attachment":[{"href":"https:\/\/diarioregionaldigital.com.br\/index.php?rest_route=%2Fwp%2Fv2%2Fmedia&parent=203238"}],"wp:term":[{"taxonomy":"category","embeddable":true,"href":"https:\/\/diarioregionaldigital.com.br\/index.php?rest_route=%2Fwp%2Fv2%2Fcategories&post=203238"},{"taxonomy":"post_tag","embeddable":true,"href":"https:\/\/diarioregionaldigital.com.br\/index.php?rest_route=%2Fwp%2Fv2%2Ftags&post=203238"}],"curies":[{"name":"wp","href":"https:\/\/api.w.org\/{rel}","templated":true}]}}