{"id":203228,"date":"2022-08-18T20:37:44","date_gmt":"2022-08-18T23:37:44","guid":{"rendered":"https:\/\/diarioregionaldigital.com.br\/?p=203228"},"modified":"2022-08-18T20:37:44","modified_gmt":"2022-08-18T23:37:44","slug":"de-olho-na-vice-lideranca-da-serie-b-vasco-visita-o-csa-em-maceio","status":"publish","type":"post","link":"https:\/\/diarioregionaldigital.com.br\/?p=203228","title":{"rendered":"De olho na vice-lideran\u00e7a da S\u00e9rie B, Vasco visita o CSA em Macei\u00f3"},"content":{"rendered":"<p>O Vasco visita o CSA na noite desta\u00a0quinta-feira (18) pela 25\u00aa rodada da S\u00e9rie B do Campeonato Brasileiro. As duas equipes t\u00eam objetivos completamente diferentes na competi\u00e7\u00e3o. O Azul\u00e3o luta para escapar na zona de rebaixamento. No momento, os alagoanos ocupam a 18\u00aa coloca\u00e7\u00e3o. J\u00e1 o time carioca segue no caminho de retorno para a S\u00e9rie A, aparecendo na\u00a0quarta\u00a0posi\u00e7\u00e3o. A bola rola a partir das\u00a020h (hor\u00e1rio de Bras\u00edlia), no Est\u00e1dio Rei Pel\u00e9, em Macei\u00f3.\u00a0<img decoding=\"async\" src=\"https:\/\/agenciabrasil.ebc.com.br\/ebc.png?id=1477414&amp;o=node\" \/><\/p>\n<p>Sobre o duelo de logo mais, Anderson Concei\u00e7\u00e3o, zagueiro cruzmaltino prev\u00ea um embate complicado.<\/p>\n<p>&#8220;A gente vai pegar um advers\u00e1rio complicado, com um novo treinador, o Roberto Fernandes. Sei que \u00e9 um t\u00e9cnico que quando pega um time nessa fase e est\u00e1 passando essa turbul\u00eancia no campeonato, ele motiva muito o time dele. A gente tem que se preparar muito para sair de l\u00e1 [est\u00e1dio Rei Pel\u00e9] com os tr\u00eas pontos&#8221;, avalia o jogador.<\/p>\n<p>O t\u00e9cnico Em\u00edlio Faro deve come\u00e7ar o jogo com: Thiago Rodrigues, Matheus Ribeiro, Danilo Boza, Anderson Concei\u00e7\u00e3o, Edimar; Yuri, Andrey, Nen\u00ea; Figueiredo, Alex Teixeira e Raniel.<\/p>\n<p>Do outro lado, o CSA, do treinador estreante Roberto Fernandes, deve entrar em campo: Marcelo Carn\u00e9; Igor, Luc\u00e3o, Werley e Diego Renan; Geovane, Giva, Yann Rolim e Gabriel; Lucas Barcelos e \u00c9lton.<\/p>\n<p><span style=\"font-weight: 400;\">Fonte: Ag\u00eancia Brasil <\/span><img decoding=\"async\" src=\"https:\/\/agenciabrasil.ebc.com.br\/ebc.gif?id=1477414&amp;o=node\" \/><\/p>\n","protected":false},"excerpt":{"rendered":"<p>O Vasco visita o CSA na noite desta\u00a0quinta-feira (18) pela 25\u00aa rodada da S\u00e9rie B do Campeonato Brasileiro. As duas equipes t\u00eam objetivos completamente diferentes na competi\u00e7\u00e3o. O Azul\u00e3o luta para escapar na zona de rebaixamento. No momento, os alagoanos ocupam a 18\u00aa coloca\u00e7\u00e3o. J\u00e1 o time carioca segue no caminho de retorno para a [&hellip;]<\/p>\n","protected":false},"author":246,"featured_media":203229,"comment_status":"closed","ping_status":"closed","sticky":false,"template":"","format":"standard","meta":{"footnotes":""},"categories":[436,257,439],"tags":[],"class_list":["post-203228","post","type-post","status-publish","format-standard","has-post-thumbnail","hentry","category-destaque-da-semana","category-esporte","category-ultima-hora"],"_links":{"self":[{"href":"https:\/\/diarioregionaldigital.com.br\/index.php?rest_route=\/wp\/v2\/posts\/203228","targetHints":{"allow":["GET"]}}],"collection":[{"href":"https:\/\/diarioregionaldigital.com.br\/index.php?rest_route=\/wp\/v2\/posts"}],"about":[{"href":"https:\/\/diarioregionaldigital.com.br\/index.php?rest_route=\/wp\/v2\/types\/post"}],"author":[{"embeddable":true,"href":"https:\/\/diarioregionaldigital.com.br\/index.php?rest_route=\/wp\/v2\/users\/246"}],"replies":[{"embeddable":true,"href":"https:\/\/diarioregionaldigital.com.br\/index.php?rest_route=%2Fwp%2Fv2%2Fcomments&post=203228"}],"version-history":[{"count":1,"href":"https:\/\/diarioregionaldigital.com.br\/index.php?rest_route=\/wp\/v2\/posts\/203228\/revisions"}],"predecessor-version":[{"id":203230,"href":"https:\/\/diarioregionaldigital.com.br\/index.php?rest_route=\/wp\/v2\/posts\/203228\/revisions\/203230"}],"wp:featuredmedia":[{"embeddable":true,"href":"https:\/\/diarioregionaldigital.com.br\/index.php?rest_route=\/wp\/v2\/media\/203229"}],"wp:attachment":[{"href":"https:\/\/diarioregionaldigital.com.br\/index.php?rest_route=%2Fwp%2Fv2%2Fmedia&parent=203228"}],"wp:term":[{"taxonomy":"category","embeddable":true,"href":"https:\/\/diarioregionaldigital.com.br\/index.php?rest_route=%2Fwp%2Fv2%2Fcategories&post=203228"},{"taxonomy":"post_tag","embeddable":true,"href":"https:\/\/diarioregionaldigital.com.br\/index.php?rest_route=%2Fwp%2Fv2%2Ftags&post=203228"}],"curies":[{"name":"wp","href":"https:\/\/api.w.org\/{rel}","templated":true}]}}