{"id":203219,"date":"2022-08-18T20:21:42","date_gmt":"2022-08-18T23:21:42","guid":{"rendered":"https:\/\/diarioregionaldigital.com.br\/?p=203219"},"modified":"2022-08-18T20:21:42","modified_gmt":"2022-08-18T23:21:42","slug":"felipe-davila-diz-que-prioridade-e-fazer-economia-voltar-a-crescer","status":"publish","type":"post","link":"https:\/\/diarioregionaldigital.com.br\/?p=203219","title":{"rendered":"Felipe D\u2019Avila diz que prioridade \u00e9 fazer economia voltar a crescer"},"content":{"rendered":"<p>O candidato do Novo \u00e0 Presid\u00eancia da Rep\u00fablica, Felipe D\u2019Avila, cumpriu agenda hoje (18) em Santos (SP), onde deu entrevista para o programa A\u00e7\u00e3o e Rea\u00e7\u00e3o no in\u00edcio da tarde. O presidenci\u00e1vel disse que a prioridade n\u00famero um \u00e9 fazer a economia voltar a crescer e a gerar renda e emprego para o brasileiro.<img decoding=\"async\" src=\"https:\/\/agenciabrasil.ebc.com.br\/ebc.png?id=1477424&amp;o=node\" \/><img decoding=\"async\" src=\"https:\/\/agenciabrasil.ebc.com.br\/ebc.gif?id=1477424&amp;o=node\" \/><\/p>\n<p>\u201cEu digo que o brasileiro hoje quer tr\u00eas coisas: paz, trabalho e dinheiro no bolso. Essas t\u00eam que ser as prioridades do governo. Para que a economia volte a crescer, temos que olhar duas grandes oportunidades. Primeiro, a abertura econ\u00f4mica \u00e9 fundamental. O Brasil precisa se abrir para o mundo, ter um com\u00e9rcio din\u00e2mico internacional\u201d, afirmou.<\/p>\n<p>Para o candidato, o segundo ponto \u00e9 o meio ambiente. \u201cO mundo mudou e estamos entrando na era da economia de baixo carbono. Nessa economia de baixo carbono, o Brasil \u00e9 uma superpot\u00eancia\u201d.<\/p>\n<h2>Porto de Santos<\/h2>\n<p>O apresentar do programa da TVCom perguntou sobre a opini\u00e3o do candidato sobre a privatiza\u00e7\u00e3o da autoridade portu\u00e1ria do Porto de Santos. O presidenci\u00e1vel disse ser sempre a favor de aumentar a concorr\u00eancia e, portanto, melhorar a qualidade do servi\u00e7o.<\/p>\n<p>\u201cNa quest\u00e3o portu\u00e1ria, temos modelos de gest\u00e3o p\u00fablica com toda a opera\u00e7\u00e3o privada e temos outros modelos de privatiza\u00e7\u00e3o da gest\u00e3o e da opera\u00e7\u00e3o. No caso aqui, o mais importante \u00e9 a qualidade da defini\u00e7\u00e3o da governan\u00e7a p\u00fablica. Porque se n\u00e3o tiver boa governan\u00e7a, n\u00e3o adianta privatizar porque \u00e9 apenas uma forma de transferir o monop\u00f3lico p\u00fablico para o privado. Isso \u00e9 ruim. Precisamos aumentar a concorr\u00eancia e a efici\u00eancia\u201d, disse.<\/p>\n<p>D\u2019Avila destacou que a governan\u00e7a do Porto de Santos precisa respeitar algumas regras. \u201cSeria interessante se, na verdade, fosse um condom\u00ednio dos operadores, todos os que operam no porto tendo voz na administra\u00e7\u00e3o. Segundo ponto, precisa ter voz na prefeitura, afinal de contas o porto afeta a cidade. Terceiro ponto \u00e9 evitar a carteliza\u00e7\u00e3o. Respeitando essas regras, eu sou favor\u00e1vel \u00e0 privatiza\u00e7\u00e3o, mas precisa tomar muito cuidado com a quest\u00e3o da governan\u00e7a\u201d.<\/p>\n<p>Mais cedo, o candidato vistou o Centro de Controle Operacional de Santos e o Complexo Hospitalar dos Estivadores. A agenda ainda contemplava uma caminhada pela Pra\u00e7a Mau\u00e1; a participa\u00e7\u00e3o na sabatina do Grupo Tribuna e Associa\u00e7\u00e3o Comercial de Santos; entrevista para a R\u00e1dio Santa Cec\u00edlia FM e participa\u00e7\u00e3o no lan\u00e7amento de candidaturas do partido Novo.<\/p>\n<p><span style=\"font-weight: 400;\">Fonte: Ag\u00eancia Brasil\u00a0<\/span><span style=\"font-weight: 400;\"><br \/>\n<\/span><\/p>\n","protected":false},"excerpt":{"rendered":"<p>O candidato do Novo \u00e0 Presid\u00eancia da Rep\u00fablica, Felipe D\u2019Avila, cumpriu agenda hoje (18) em Santos (SP), onde deu entrevista para o programa A\u00e7\u00e3o e Rea\u00e7\u00e3o no in\u00edcio da tarde. O presidenci\u00e1vel disse que a prioridade n\u00famero um \u00e9 fazer a economia voltar a crescer e a gerar renda e emprego para o brasileiro. \u201cEu [&hellip;]<\/p>\n","protected":false},"author":246,"featured_media":203220,"comment_status":"closed","ping_status":"closed","sticky":false,"template":"","format":"standard","meta":{"footnotes":""},"categories":[436,254,439],"tags":[],"class_list":["post-203219","post","type-post","status-publish","format-standard","has-post-thumbnail","hentry","category-destaque-da-semana","category-politica","category-ultima-hora"],"_links":{"self":[{"href":"https:\/\/diarioregionaldigital.com.br\/index.php?rest_route=\/wp\/v2\/posts\/203219","targetHints":{"allow":["GET"]}}],"collection":[{"href":"https:\/\/diarioregionaldigital.com.br\/index.php?rest_route=\/wp\/v2\/posts"}],"about":[{"href":"https:\/\/diarioregionaldigital.com.br\/index.php?rest_route=\/wp\/v2\/types\/post"}],"author":[{"embeddable":true,"href":"https:\/\/diarioregionaldigital.com.br\/index.php?rest_route=\/wp\/v2\/users\/246"}],"replies":[{"embeddable":true,"href":"https:\/\/diarioregionaldigital.com.br\/index.php?rest_route=%2Fwp%2Fv2%2Fcomments&post=203219"}],"version-history":[{"count":1,"href":"https:\/\/diarioregionaldigital.com.br\/index.php?rest_route=\/wp\/v2\/posts\/203219\/revisions"}],"predecessor-version":[{"id":203221,"href":"https:\/\/diarioregionaldigital.com.br\/index.php?rest_route=\/wp\/v2\/posts\/203219\/revisions\/203221"}],"wp:featuredmedia":[{"embeddable":true,"href":"https:\/\/diarioregionaldigital.com.br\/index.php?rest_route=\/wp\/v2\/media\/203220"}],"wp:attachment":[{"href":"https:\/\/diarioregionaldigital.com.br\/index.php?rest_route=%2Fwp%2Fv2%2Fmedia&parent=203219"}],"wp:term":[{"taxonomy":"category","embeddable":true,"href":"https:\/\/diarioregionaldigital.com.br\/index.php?rest_route=%2Fwp%2Fv2%2Fcategories&post=203219"},{"taxonomy":"post_tag","embeddable":true,"href":"https:\/\/diarioregionaldigital.com.br\/index.php?rest_route=%2Fwp%2Fv2%2Ftags&post=203219"}],"curies":[{"name":"wp","href":"https:\/\/api.w.org\/{rel}","templated":true}]}}