{"id":203216,"date":"2022-08-18T20:18:31","date_gmt":"2022-08-18T23:18:31","guid":{"rendered":"https:\/\/diarioregionaldigital.com.br\/?p=203216"},"modified":"2022-08-18T20:18:31","modified_gmt":"2022-08-18T23:18:31","slug":"simone-tebet-quer-o-fim-da-reeleicao-e-do-orcamento-secreto","status":"publish","type":"post","link":"https:\/\/diarioregionaldigital.com.br\/?p=203216","title":{"rendered":"Simone Tebet quer o fim da reelei\u00e7\u00e3o e do or\u00e7amento secreto"},"content":{"rendered":"<p>A candidata do MDB \u00e0 Presid\u00eancia da Rep\u00fablica, Simone Tebet, participou nesta quinta-feira (19) do programa\u00a0<em>Hora do Voto<\/em>, promovido pela Ordem dos Advogados do Brasil de S\u00e3o Paulo. Para uma plateia de advogados, ela defendeu o Estado Democr\u00e1tico de Direito que avaliou estar atualmente sob constante amea\u00e7a.<img decoding=\"async\" src=\"https:\/\/agenciabrasil.ebc.com.br\/ebc.png?id=1477335&amp;o=node\" \/><img decoding=\"async\" src=\"https:\/\/agenciabrasil.ebc.com.br\/ebc.gif?id=1477335&amp;o=node\" \/><\/p>\n<p>Ao responder a perguntas de advogados, disse que apesar de ter sido reeleita quando foi prefeita, hoje, v\u00ea a reelei\u00e7\u00e3o como &#8220;o maior problema no Brasil&#8221;, j\u00e1 que propicia \u201cnegociatas e esc\u00e2ndalos de corrup\u00e7\u00e3o\u201d. Neste sentido, garantiu que se eleita vai propor o fim dessa possibilidade.<\/p>\n<p>Tebet tamb\u00e9m criticou o chamado or\u00e7amento secreto e prometeu dar transpar\u00eancia absoluta \u00e0s contas p\u00fablicas. \u201cSe eu for eleita presidente, com uma caneta como esta, eu dou transpar\u00eancia ao or\u00e7amento secreto. Eu baixo um ato normativo exigindo que todos os ministros de estado deem transpar\u00eancia absoluta nas contas p\u00fablicas do or\u00e7amento. No primeiro dia, ele vai dizer quem \u00e9 o parlamentar que mandou recurso, para onde mandou esse recurso, para ver se l\u00e1 na ponta, esse dinheiro chegou&#8221;, ressaltou Tebet.<\/p>\n<p>A candidata foi cobrada a respeito do que pensa sobre a pena disciplinar para ju\u00edzes que abusam da autoridade e que violam prerrogativas dos advogados. Segundo a OAB, atualmente n\u00e3o h\u00e1 nenhum tipo de controle para este abuso. \u201cEstarei sancionando qualquer medida, qualquer lei aprovada pelo Congresso Nacional que de alguma forma restrinja excessos de integrantes de qualquer autoridade, de qualquer Poder no Brasil, seja Executivo, Legislativo ou Judici\u00e1rio.<\/p>\n<p>A presidenci\u00e1vel emedebista defendeu ainda um fortalecimento do Minist\u00e9rio de Rela\u00e7\u00f5es Exteriores. O objetivo \u00e9 vender para o exterior uma imagem positiva do Brasil. Nesse sentido adiantou que, se eleita, vai escolher para chefiar a pasta um diplomata de carreira. Tebet tamb\u00e9m falou da import\u00e2ncia de um governo inclusivo e garantiu que sua equipe ministerial ter\u00e1 50% de homens e 50% de mulheres, tamb\u00e9m com representantes negros.<\/p>\n<p>\u201cAinda em rela\u00e7\u00e3o a esse governo inclusivo, n\u00f3s teremos uma pol\u00edtica nacional de equidade, \u00e9tica, \u00e9tnico-racial. N\u00f3s vamos estar combatendo todos os dias o racismo estrutural e o racismo institucional no Brasil\u201d, destacou.<\/p>\n<p><span style=\"font-weight: 400;\">Fonte: Ag\u00eancia Brasil <\/span><\/p>\n","protected":false},"excerpt":{"rendered":"<p>A candidata do MDB \u00e0 Presid\u00eancia da Rep\u00fablica, Simone Tebet, participou nesta quinta-feira (19) do programa\u00a0Hora do Voto, promovido pela Ordem dos Advogados do Brasil de S\u00e3o Paulo. Para uma plateia de advogados, ela defendeu o Estado Democr\u00e1tico de Direito que avaliou estar atualmente sob constante amea\u00e7a. Ao responder a perguntas de advogados, disse que [&hellip;]<\/p>\n","protected":false},"author":246,"featured_media":203217,"comment_status":"closed","ping_status":"closed","sticky":false,"template":"","format":"standard","meta":{"footnotes":""},"categories":[436,254,439],"tags":[],"class_list":["post-203216","post","type-post","status-publish","format-standard","has-post-thumbnail","hentry","category-destaque-da-semana","category-politica","category-ultima-hora"],"_links":{"self":[{"href":"https:\/\/diarioregionaldigital.com.br\/index.php?rest_route=\/wp\/v2\/posts\/203216","targetHints":{"allow":["GET"]}}],"collection":[{"href":"https:\/\/diarioregionaldigital.com.br\/index.php?rest_route=\/wp\/v2\/posts"}],"about":[{"href":"https:\/\/diarioregionaldigital.com.br\/index.php?rest_route=\/wp\/v2\/types\/post"}],"author":[{"embeddable":true,"href":"https:\/\/diarioregionaldigital.com.br\/index.php?rest_route=\/wp\/v2\/users\/246"}],"replies":[{"embeddable":true,"href":"https:\/\/diarioregionaldigital.com.br\/index.php?rest_route=%2Fwp%2Fv2%2Fcomments&post=203216"}],"version-history":[{"count":1,"href":"https:\/\/diarioregionaldigital.com.br\/index.php?rest_route=\/wp\/v2\/posts\/203216\/revisions"}],"predecessor-version":[{"id":203218,"href":"https:\/\/diarioregionaldigital.com.br\/index.php?rest_route=\/wp\/v2\/posts\/203216\/revisions\/203218"}],"wp:featuredmedia":[{"embeddable":true,"href":"https:\/\/diarioregionaldigital.com.br\/index.php?rest_route=\/wp\/v2\/media\/203217"}],"wp:attachment":[{"href":"https:\/\/diarioregionaldigital.com.br\/index.php?rest_route=%2Fwp%2Fv2%2Fmedia&parent=203216"}],"wp:term":[{"taxonomy":"category","embeddable":true,"href":"https:\/\/diarioregionaldigital.com.br\/index.php?rest_route=%2Fwp%2Fv2%2Fcategories&post=203216"},{"taxonomy":"post_tag","embeddable":true,"href":"https:\/\/diarioregionaldigital.com.br\/index.php?rest_route=%2Fwp%2Fv2%2Ftags&post=203216"}],"curies":[{"name":"wp","href":"https:\/\/api.w.org\/{rel}","templated":true}]}}