{"id":203213,"date":"2022-08-18T20:15:26","date_gmt":"2022-08-18T23:15:26","guid":{"rendered":"https:\/\/diarioregionaldigital.com.br\/?p=203213"},"modified":"2022-08-18T20:15:26","modified_gmt":"2022-08-18T23:15:26","slug":"ciro-gomes-diz-que-vai-reformar-clt-protegendo-renda-dos-trabalhadores","status":"publish","type":"post","link":"https:\/\/diarioregionaldigital.com.br\/?p=203213","title":{"rendered":"Ciro Gomes diz que vai reformar CLT protegendo renda dos trabalhadores"},"content":{"rendered":"<p>O candidato \u00e0 Presid\u00eancia da Rep\u00fablica Ciro Gomes (PDT) afirmou que, se eleito, vai propor um novo c\u00f3digo de leis trabalhistas para o pa\u00eds. Segundo o ex-governador do Cear\u00e1, a inten\u00e7\u00e3o \u00e9 atualizar a Consolida\u00e7\u00e3o das Leis Trabalhistas (CLT), mantendo a prote\u00e7\u00e3o aos trabalhadores, mas estimulando a \u201cefici\u00eancia produtiva\u201d.<img decoding=\"async\" src=\"https:\/\/agenciabrasil.ebc.com.br\/ebc.png?id=1477334&amp;o=node\" \/><img decoding=\"async\" src=\"https:\/\/agenciabrasil.ebc.com.br\/ebc.gif?id=1477334&amp;o=node\" \/><\/p>\n<p>\u201cA velha CLT cumpriu uma etapa hist\u00f3rica fundamental, mas foi superada em muitos de seus valores \u2013 mas n\u00e3o quanto \u00e0 prote\u00e7\u00e3o ao trabalho\u201d, disse Gomes ao participar, hoje (18), do ciclo de debates que a Associa\u00e7\u00e3o Comercial de S\u00e3o Paulo vem promovendo com candidatos \u00e0 presid\u00eancia da Rep\u00fablica e ao governo de S\u00e3o Paulo.<\/p>\n<p>\u201cUm governo meu estar\u00e1 comprometido com a prote\u00e7\u00e3o do trabalho e da renda do trabalho, mas com um olho na efici\u00eancia sist\u00eamica e na produtividade da economia brasileira, que est\u00e1 perdendo produtividade\u201d, acrescentou o trabalhista, atribuindo \u00e0 perda de poder aquisitivo dos trabalhadores e \u00e0 desigualdade econ\u00f4mica o fechamento de milhares de pontos de com\u00e9rcio ao longo das \u00faltimas d\u00e9cadas.<\/p>\n<p>Gomes garantiu que os empres\u00e1rios ser\u00e3o consultados sobre a proposta, que estar\u00e1 alinhada com \u201cas melhores pr\u00e1ticas internacionais\u201d. \u201cN\u00e3o haver\u00e1 imposi\u00e7\u00e3o. Olharemos as conven\u00e7\u00f5es internacionais da OIT [Organiza\u00e7\u00e3o Internacional do Trabalho] que o Brasil assinou e que n\u00e3o est\u00e3o sendo praticadas e tamb\u00e9m o conjunto de a\u00e7\u00f5es [trabalhistas] judicializadas. Por exemplo, casos de trabalho terceirizado com jornadas e tarefas iguais e remunera\u00e7\u00f5es distintas. N\u00e3o pode isso. Da mesma forma que [n\u00e3o pode] mulheres receberem menos [para exercerem as mesmas fun\u00e7\u00f5es que homens]\u201d, disse Ciro.<\/p>\n<p>O candidato tamb\u00e9m prometeu a\u00e7\u00f5es de est\u00edmulo \u00e0 renegocia\u00e7\u00e3o de d\u00edvidas de pessoas f\u00edsicas e um programa federal de renda m\u00ednima que pague um aux\u00edlio mensal de R$ 1 mil \u00e0s fam\u00edlias com renda per capita igual ou inferior a R$ 417 mensais. \u201cSer\u00e1 um programa de renda m\u00ednima com status constitucional e fontes de recursos identificados, [que ajudar\u00e1 a] alargar muito a escala [de consumo], porque a popula\u00e7\u00e3o mais pobre usa praticamente 100% da sua renda com consumo\u201d, destacou Gomes, defensor de uma reforma tribut\u00e1ria com\u00a0unifica\u00e7\u00e3o de seis tributos em um \u00fanico imposto, o IVA.<\/p>\n<p>Ap\u00f3s dizer que a elite brasileira est\u00e1 viciada em juros altos, Gomes foi aplaudido pelos empres\u00e1rios e pol\u00edticos que lotavam o audit\u00f3rio da associa\u00e7\u00e3o ao afirmar que, se eleito, vai propor o fim da reelei\u00e7\u00e3o.<\/p>\n<p><span style=\"font-weight: 400;\">Fonte: Ag\u00eancia Brasil <\/span><\/p>\n","protected":false},"excerpt":{"rendered":"<p>O candidato \u00e0 Presid\u00eancia da Rep\u00fablica Ciro Gomes (PDT) afirmou que, se eleito, vai propor um novo c\u00f3digo de leis trabalhistas para o pa\u00eds. Segundo o ex-governador do Cear\u00e1, a inten\u00e7\u00e3o \u00e9 atualizar a Consolida\u00e7\u00e3o das Leis Trabalhistas (CLT), mantendo a prote\u00e7\u00e3o aos trabalhadores, mas estimulando a \u201cefici\u00eancia produtiva\u201d. \u201cA velha CLT cumpriu uma etapa [&hellip;]<\/p>\n","protected":false},"author":246,"featured_media":203214,"comment_status":"closed","ping_status":"closed","sticky":false,"template":"","format":"standard","meta":{"footnotes":""},"categories":[436,254,439],"tags":[],"class_list":["post-203213","post","type-post","status-publish","format-standard","has-post-thumbnail","hentry","category-destaque-da-semana","category-politica","category-ultima-hora"],"_links":{"self":[{"href":"https:\/\/diarioregionaldigital.com.br\/index.php?rest_route=\/wp\/v2\/posts\/203213","targetHints":{"allow":["GET"]}}],"collection":[{"href":"https:\/\/diarioregionaldigital.com.br\/index.php?rest_route=\/wp\/v2\/posts"}],"about":[{"href":"https:\/\/diarioregionaldigital.com.br\/index.php?rest_route=\/wp\/v2\/types\/post"}],"author":[{"embeddable":true,"href":"https:\/\/diarioregionaldigital.com.br\/index.php?rest_route=\/wp\/v2\/users\/246"}],"replies":[{"embeddable":true,"href":"https:\/\/diarioregionaldigital.com.br\/index.php?rest_route=%2Fwp%2Fv2%2Fcomments&post=203213"}],"version-history":[{"count":1,"href":"https:\/\/diarioregionaldigital.com.br\/index.php?rest_route=\/wp\/v2\/posts\/203213\/revisions"}],"predecessor-version":[{"id":203215,"href":"https:\/\/diarioregionaldigital.com.br\/index.php?rest_route=\/wp\/v2\/posts\/203213\/revisions\/203215"}],"wp:featuredmedia":[{"embeddable":true,"href":"https:\/\/diarioregionaldigital.com.br\/index.php?rest_route=\/wp\/v2\/media\/203214"}],"wp:attachment":[{"href":"https:\/\/diarioregionaldigital.com.br\/index.php?rest_route=%2Fwp%2Fv2%2Fmedia&parent=203213"}],"wp:term":[{"taxonomy":"category","embeddable":true,"href":"https:\/\/diarioregionaldigital.com.br\/index.php?rest_route=%2Fwp%2Fv2%2Fcategories&post=203213"},{"taxonomy":"post_tag","embeddable":true,"href":"https:\/\/diarioregionaldigital.com.br\/index.php?rest_route=%2Fwp%2Fv2%2Ftags&post=203213"}],"curies":[{"name":"wp","href":"https:\/\/api.w.org\/{rel}","templated":true}]}}