{"id":203210,"date":"2022-08-18T20:08:37","date_gmt":"2022-08-18T23:08:37","guid":{"rendered":"https:\/\/diarioregionaldigital.com.br\/?p=203210"},"modified":"2022-08-18T20:08:37","modified_gmt":"2022-08-18T23:08:37","slug":"bolsonaro-defende-escolha-de-ministros-por-criterios-tecnicos","status":"publish","type":"post","link":"https:\/\/diarioregionaldigital.com.br\/?p=203210","title":{"rendered":"Bolsonaro defende escolha de ministros por crit\u00e9rios t\u00e9cnicos"},"content":{"rendered":"<p>O candidato \u00e0 reelei\u00e7\u00e3o pelo PL, Jair Bolsonaro, defendeu hoje (18) a escolha da equipe de governo utilizando crit\u00e9rios t\u00e9cnicos, de acordo com a fun\u00e7\u00e3o de cada minist\u00e9rio. Segundo ele, foi isso o que fez nesse primeiro mandato na Presid\u00eancia.<img decoding=\"async\" src=\"https:\/\/agenciabrasil.ebc.com.br\/ebc.png?id=1477320&amp;o=node\" \/><img decoding=\"async\" src=\"https:\/\/agenciabrasil.ebc.com.br\/ebc.gif?id=1477320&amp;o=node\" \/><\/p>\n<p>\u201cAssim \u00e9 um governo que quer realmente fazer com que seu pa\u00eds decole\u201d, disse. \u201cA escolha de pessoas t\u00e9cnicas n\u00e3o \u00e9 f\u00e1cil porque tem uma quest\u00e3o pol\u00edtica muito grande, mas nos garante que n\u00f3s podemos deixar de falar \u2018pa\u00eds do futuro\u2019 e falar \u2018pa\u00eds do presente\u2019\u201d, completou.<\/p>\n<p>Nesta quinta-feira, Bolsonaro esteve em S\u00e3o Jos\u00e9 dos Campos, no interior de S\u00e3o Paulo, para visitar o Parque Tecnol\u00f3gico da cidade, onde existem infraestruturas do governo federal, como o Centro Nacional de Monitoramento e Alertas de Desastres Naturais (Cemaden).<\/p>\n<p>Bolsonaro estava acompanhado do ex-ministro da Infraestrutura Tarc\u00edsio de Freitas (Republicanos),\u00a0<a href=\"https:\/\/agenciabrasil.ebc.com.br\/politica\/noticia\/2022-08\/saiba-quem-sao-os-candidatos-governador-de-sao-paulo\" target=\"_blank\" rel=\"noopener\">candidato ao governo de S\u00e3o Paulo<\/a>, e do ex-ministro da Ci\u00eancia, Tecnologia e Inova\u00e7\u00f5es Marcos Pontes (PL), candidato ao Senado por S\u00e3o Paulo. Entre outros, Bolsonaro citou os dois como escolhas t\u00e9cnicas do seu governo. \u201cEu sou o t\u00e9cnico, eles entram em campo. \u00c9 assim que devemos trabalhar. Sempre dei liberdade total para os meus ministros\u201d, disse. \u201cSomente dessa forma n\u00f3s pudemos atravessar momento dif\u00edcil como uma pandemia [da covid-19], uma crise [econ\u00f4mica] e uma guerra [da Ucr\u00e2nia]\u201d, disse.<\/p>\n<p>O candidato \u00e0 reelei\u00e7\u00e3o falou ainda que n\u00e3o vai permitir a legaliza\u00e7\u00e3o de drogas no Brasil. \u201cN\u00f3s sabemos que a libera\u00e7\u00e3o das drogas \u00e9 uma desgra\u00e7a para o pa\u00eds, n\u00e3o pretendo admitir isso\u201d, disse.<\/p>\n<p>Ap\u00f3s o evento no Parque Tecnol\u00f3gico, o candidato pelo PL seguiu em comboio de motociclistas at\u00e9 a Arena Farma Conde para mais um ato de campanha com os candidatos locais.<\/p>\n<p><span style=\"font-weight: 400;\">Fonte: Ag\u00eancia Brasil <\/span><\/p>\n","protected":false},"excerpt":{"rendered":"<p>O candidato \u00e0 reelei\u00e7\u00e3o pelo PL, Jair Bolsonaro, defendeu hoje (18) a escolha da equipe de governo utilizando crit\u00e9rios t\u00e9cnicos, de acordo com a fun\u00e7\u00e3o de cada minist\u00e9rio. Segundo ele, foi isso o que fez nesse primeiro mandato na Presid\u00eancia. \u201cAssim \u00e9 um governo que quer realmente fazer com que seu pa\u00eds decole\u201d, disse. \u201cA [&hellip;]<\/p>\n","protected":false},"author":246,"featured_media":203211,"comment_status":"closed","ping_status":"closed","sticky":false,"template":"","format":"standard","meta":{"footnotes":""},"categories":[436,440,254,439],"tags":[],"class_list":["post-203210","post","type-post","status-publish","format-standard","has-post-thumbnail","hentry","category-destaque-da-semana","category-destaques-do-dia","category-politica","category-ultima-hora"],"_links":{"self":[{"href":"https:\/\/diarioregionaldigital.com.br\/index.php?rest_route=\/wp\/v2\/posts\/203210","targetHints":{"allow":["GET"]}}],"collection":[{"href":"https:\/\/diarioregionaldigital.com.br\/index.php?rest_route=\/wp\/v2\/posts"}],"about":[{"href":"https:\/\/diarioregionaldigital.com.br\/index.php?rest_route=\/wp\/v2\/types\/post"}],"author":[{"embeddable":true,"href":"https:\/\/diarioregionaldigital.com.br\/index.php?rest_route=\/wp\/v2\/users\/246"}],"replies":[{"embeddable":true,"href":"https:\/\/diarioregionaldigital.com.br\/index.php?rest_route=%2Fwp%2Fv2%2Fcomments&post=203210"}],"version-history":[{"count":1,"href":"https:\/\/diarioregionaldigital.com.br\/index.php?rest_route=\/wp\/v2\/posts\/203210\/revisions"}],"predecessor-version":[{"id":203212,"href":"https:\/\/diarioregionaldigital.com.br\/index.php?rest_route=\/wp\/v2\/posts\/203210\/revisions\/203212"}],"wp:featuredmedia":[{"embeddable":true,"href":"https:\/\/diarioregionaldigital.com.br\/index.php?rest_route=\/wp\/v2\/media\/203211"}],"wp:attachment":[{"href":"https:\/\/diarioregionaldigital.com.br\/index.php?rest_route=%2Fwp%2Fv2%2Fmedia&parent=203210"}],"wp:term":[{"taxonomy":"category","embeddable":true,"href":"https:\/\/diarioregionaldigital.com.br\/index.php?rest_route=%2Fwp%2Fv2%2Fcategories&post=203210"},{"taxonomy":"post_tag","embeddable":true,"href":"https:\/\/diarioregionaldigital.com.br\/index.php?rest_route=%2Fwp%2Fv2%2Ftags&post=203210"}],"curies":[{"name":"wp","href":"https:\/\/api.w.org\/{rel}","templated":true}]}}