{"id":203207,"date":"2022-08-18T19:58:08","date_gmt":"2022-08-18T22:58:08","guid":{"rendered":"https:\/\/diarioregionaldigital.com.br\/?p=203207"},"modified":"2022-08-18T19:58:08","modified_gmt":"2022-08-18T22:58:08","slug":"firjan-lanca-agenda-de-propostas-brasil-4-0","status":"publish","type":"post","link":"https:\/\/diarioregionaldigital.com.br\/?p=203207","title":{"rendered":"Firjan lan\u00e7a agenda de propostas Brasil 4.0"},"content":{"rendered":"<p>A Federa\u00e7\u00e3o das Ind\u00fastrias do Rio de Janeiro (Firjan) apresentou hoje (18) a Agenda Propostas Firjan para um Brasil 4.0, um conjunto de proposi\u00e7\u00f5es para incentivar o crescimento econ\u00f4mico no pa\u00eds, especialmente no estado do Rio. S\u00e3o 62 propostas de abrang\u00eancia nacional e 41 voltadas para o estado, que podem contribuir para o planejamento de pol\u00edticas p\u00fablicas nos dois n\u00edveis de governo. O documento ser\u00e1 encaminhado aos candidatos \u00e0 Presid\u00eancia da Rep\u00fablica e ao governo do Rio de Janeiro.<img decoding=\"async\" src=\"https:\/\/agenciabrasil.ebc.com.br\/ebc.png?id=1477343&amp;o=node\" \/><img decoding=\"async\" src=\"https:\/\/agenciabrasil.ebc.com.br\/ebc.gif?id=1477343&amp;o=node\" \/><\/p>\n<p>Para a Firjan, produtividade \u00e9 a chave para o avan\u00e7o da ind\u00fastria no pa\u00eds. \u201cHoje, com a quarta revolu\u00e7\u00e3o industrial, a ind\u00fastria 4.0 precisa [de] um Brasil 4.0, que s\u00f3 ser\u00e1 alcan\u00e7ado com o aumento da produtividade.\u201d<\/p>\n<p>A Agenda Propostas Firjan para um Brasil 4.0 \u00e9 resultado da atua\u00e7\u00e3o do Grupo de Trabalho de Pol\u00edtica Industrial, integrado por industriais de diversos setores e regi\u00f5es do estado do Rio. Para elabora\u00e7\u00e3o do documento, foram ouvidos 600 empres\u00e1rios fluminenses, que comp\u00f5em os diversos conselhos empresariais e conselhos regionais da entidade.<\/p>\n<p>O vice-presidente da Firjan e coordenador do GT da Agenda Pol\u00edtica Industrial, Luiz C\u00e9sio Caetano, disse que a avalia\u00e7\u00e3o inclu\u00edda no agenda indica que o aumento de produtividade pode gerar crescimento de US$ 1,04 trilh\u00e3o do Produto Interno Bruto (PIB) brasileiro nos pr\u00f3ximos cinco anos. Se o crescimento de US$ 1,804 trilh\u00e3o para US$ 2,821 trilh\u00f5es correntes se confirmar, o pa\u00eds passaria da 12\u00aa para a 8\u00aa posi\u00e7\u00e3o no ranking das maiores economias do mundo at\u00e9 2027.<\/p>\n<p>O documento destaca que o Brasil registra historicamente baixa produtividade e que, nos \u00faltimos anos, o crescimento do PIB esteve relacionado a fatores que n\u00e3o se repetir\u00e3o no futuro, entre eles, o r\u00e1pido crescimento da popula\u00e7\u00e3o em idade ativa em rela\u00e7\u00e3o \u00e0 popula\u00e7\u00e3o total do pa\u00eds.<\/p>\n<p>A agenda, que tem foco no aumento da produtividade como fator fundamental para a retomada econ\u00f4mica brasileira nos pr\u00f3ximos anos, \u00e9 dividida em quatro pilares: ambiente de neg\u00f3cios, infraestrutura, capital humano e efici\u00eancia do estado.<\/p>\n<h2>Semin\u00e1rio<\/h2>\n<p>Ap\u00f3s a apresenta\u00e7\u00e3o da agenda, come\u00e7ou o Semin\u00e1rio Ind\u00fastria Forte, Pa\u00eds mais Produtivo, mediado pelo presidente do Conselho de Economia da Firjan, Rodrigo Santiago.<\/p>\n<p>O diretor de Relacionamento e Sustentabilidade da Petrobras, Rafael Chaves, disse que \u00e9 com inova\u00e7\u00e3o que as empresas conseguem ganho de produtividade e lembrou que o mundo est\u00e1 em constante mudan\u00e7a: quem n\u00e3o inova fica para tr\u00e1s.<\/p>\n<p>Chaves destacou que, na Petrobras, acredita-se muito em inova\u00e7\u00e3o. \u201cNo nosso Cepes, Centro de Pesquisas e Inova\u00e7\u00e3o, no ano passado, era uma patente a cada tr\u00eas dias, mais ou menos, no segmento de explora\u00e7\u00e3o e produ\u00e7\u00e3o, no sistema [em] que a gente separa o \u00f3leo e o g\u00e1s no leito submarino, libera espa\u00e7o na plataforma e reinjeta o g\u00e1s. Tem v\u00e1rios ganhos a\u00ed. Primeiro, o metro quadrado mais caro do Rio de Janeiro, n\u00e3o \u00e9 o [do] Leblon, \u00e9 [o da] plataforma de petr\u00f3leo.\u201c<\/p>\n<p>Ele explicou que, primeiro, libera-se espa\u00e7o na plataforma de petr\u00f3leo quando se faz a separa\u00e7\u00e3o no leito submarino; segundo, reinjeta-se o CO\u00b2 e n\u00e3o se deixa liberar para a atmosfera. &#8220;Ent\u00e3o, protege-se o planeta. \u00c9 com inova\u00e7\u00e3o que a gente consegue ter ganhos de produtividade, e o mundo est\u00e1 cada vez mais exigente.\u201d<\/p>\n<p>No encerramento do encontro, o presidente da Firjan, Eduardo Eugenio Gouv\u00eaa Vieira, defendeu a cria\u00e7\u00e3o do Minist\u00e9rio da Ind\u00fastria. Para Vieira, a ind\u00fastria, com sua import\u00e2ncia nas vendas, no emprego, no reconhecimento pelo recolhimento de impostos e com o efeito multiplicador sobre outros setores, n\u00e3o tem interlocu\u00e7\u00e3o especializada no mais alto n\u00edvel em Bras\u00edlia, como t\u00eam a agricultura e o turismo. \u201cO mundo j\u00e1 redescobriu a ind\u00fastria, e a melhor maneira de Bras\u00edlia mostrar que tamb\u00e9m j\u00e1 entendeu isso \u00e9 a cria\u00e7\u00e3o do Minist\u00e9rio da Ind\u00fastria\u201d, defendeu Vieira.<\/p>\n<p>Segundo o presidente da Firjan, o mundo pede uma ind\u00fastria ampla e diversificada, o que j\u00e1 existe no Brasil e no Rio. Vieira acrescentou que a agenda lan\u00e7ada hoje traz a\u00e7\u00f5es que a entidade entende como importantes para o avan\u00e7o da produtividade da ind\u00fastria brasileira no ciclo p\u00f3s-pandemia, que veio para ficar. Algumas das propostas j\u00e1 est\u00e3o sendo discutidas h\u00e1 um tempo, o que acentua o tempo perdido e a urg\u00eancia da solu\u00e7\u00e3o, como \u00e9 o caso da reforma tribut\u00e1ria, acrescentou.<\/p>\n<p>\u201cComo algo t\u00e3o ineficiente, ineficaz, que n\u00e3o consegue ter um defensor entre os 215 milh\u00f5es de brasileiros, pode continuar piorando dia a dia, com novas normas, decretos e regulamenta\u00e7\u00f5es, sem que os poderes Executivo e Legislativo construam e aprovem o novo sistema?\u201d, questionou Vieira, completando que, ainda assim, continua otimista diante de alguns avan\u00e7os como a aprova\u00e7\u00e3o da reforma previdenci\u00e1ria.<\/p>\n<p>\u201cO Brasil e o Rio t\u00eam jeito. Depende apenas de n\u00f3s\u201d, enfatizou.<\/p>\n<p>Tamb\u00e9m presente ao semin\u00e1rio, o vice-presidente executivo de Assuntos Corporativos e Institucionais da Vale, Alexandre D&#8217;Ambrosio, defendeu a reforma tribut\u00e1ria, dizendo que, hoje, uma das coisas em que existe consenso na sociedade brasileira e entre os candidatos \u00e0s elei\u00e7\u00f5es \u00e9 a necessidade da reforma tribut\u00e1ria. \u201cH\u00e1 anos, d\u00e9cadas que a gente ouve isso. A reforma tribut\u00e1ria pode ser mais simples do que as pessoas pensam. N\u00e3o se trata de criar tributos novos, mas de simplificar o processo\u201d, afirmou.<\/p>\n<p><span style=\"font-weight: 400;\"><br \/>\n<\/span><span style=\"font-weight: 400;\">Fonte: Ag\u00eancia Brasil <\/span><\/p>\n","protected":false},"excerpt":{"rendered":"<p>A Federa\u00e7\u00e3o das Ind\u00fastrias do Rio de Janeiro (Firjan) apresentou hoje (18) a Agenda Propostas Firjan para um Brasil 4.0, um conjunto de proposi\u00e7\u00f5es para incentivar o crescimento econ\u00f4mico no pa\u00eds, especialmente no estado do Rio. S\u00e3o 62 propostas de abrang\u00eancia nacional e 41 voltadas para o estado, que podem contribuir para o planejamento de [&hellip;]<\/p>\n","protected":false},"author":246,"featured_media":203208,"comment_status":"closed","ping_status":"closed","sticky":false,"template":"","format":"standard","meta":{"footnotes":""},"categories":[436,261,439],"tags":[],"class_list":["post-203207","post","type-post","status-publish","format-standard","has-post-thumbnail","hentry","category-destaque-da-semana","category-economia","category-ultima-hora"],"_links":{"self":[{"href":"https:\/\/diarioregionaldigital.com.br\/index.php?rest_route=\/wp\/v2\/posts\/203207","targetHints":{"allow":["GET"]}}],"collection":[{"href":"https:\/\/diarioregionaldigital.com.br\/index.php?rest_route=\/wp\/v2\/posts"}],"about":[{"href":"https:\/\/diarioregionaldigital.com.br\/index.php?rest_route=\/wp\/v2\/types\/post"}],"author":[{"embeddable":true,"href":"https:\/\/diarioregionaldigital.com.br\/index.php?rest_route=\/wp\/v2\/users\/246"}],"replies":[{"embeddable":true,"href":"https:\/\/diarioregionaldigital.com.br\/index.php?rest_route=%2Fwp%2Fv2%2Fcomments&post=203207"}],"version-history":[{"count":1,"href":"https:\/\/diarioregionaldigital.com.br\/index.php?rest_route=\/wp\/v2\/posts\/203207\/revisions"}],"predecessor-version":[{"id":203209,"href":"https:\/\/diarioregionaldigital.com.br\/index.php?rest_route=\/wp\/v2\/posts\/203207\/revisions\/203209"}],"wp:featuredmedia":[{"embeddable":true,"href":"https:\/\/diarioregionaldigital.com.br\/index.php?rest_route=\/wp\/v2\/media\/203208"}],"wp:attachment":[{"href":"https:\/\/diarioregionaldigital.com.br\/index.php?rest_route=%2Fwp%2Fv2%2Fmedia&parent=203207"}],"wp:term":[{"taxonomy":"category","embeddable":true,"href":"https:\/\/diarioregionaldigital.com.br\/index.php?rest_route=%2Fwp%2Fv2%2Fcategories&post=203207"},{"taxonomy":"post_tag","embeddable":true,"href":"https:\/\/diarioregionaldigital.com.br\/index.php?rest_route=%2Fwp%2Fv2%2Ftags&post=203207"}],"curies":[{"name":"wp","href":"https:\/\/api.w.org\/{rel}","templated":true}]}}