{"id":203204,"date":"2022-08-18T19:56:08","date_gmt":"2022-08-18T22:56:08","guid":{"rendered":"https:\/\/diarioregionaldigital.com.br\/?p=203204"},"modified":"2022-08-18T19:56:08","modified_gmt":"2022-08-18T22:56:08","slug":"anac-concede-15-aeroportos-em-leilao-nesta-quinta-feira-na-b3","status":"publish","type":"post","link":"https:\/\/diarioregionaldigital.com.br\/?p=203204","title":{"rendered":"Anac concede 15 aeroportos em leil\u00e3o nesta quinta-feira, na B3"},"content":{"rendered":"<p>O leil\u00e3o da 7\u00aa rodada do programa de concess\u00f5es aeroportu\u00e1rias ocorre na tarde desta quinta-feira (18) na bolsa de valores B3, na cidade de S\u00e3o Paulo. De acordo com a Ag\u00eancia Nacional de Avia\u00e7\u00e3o Civil (Anac), ser\u00e3o ofertados 15 aeroportos, reunidos em tr\u00eas blocos.<img decoding=\"async\" src=\"https:\/\/agenciabrasil.ebc.com.br\/ebc.png?id=1477324&amp;o=node\" \/><img decoding=\"async\" src=\"https:\/\/agenciabrasil.ebc.com.br\/ebc.gif?id=1477324&amp;o=node\" \/><\/p>\n<p>O Aeroporto de Congonhas \u00e9 a atra\u00e7\u00e3o principal dessa rodada de concess\u00f5es. O terminal, localizado na capital paulista, \u00e9\u00a0<a href=\"https:\/\/agenciabrasil.ebc.com.br\/economia\/noticia\/2022-08\/com-leilao-de-congonhas-trafego-aereo-privatizado-pode-passar-de-90\" target=\"_blank\" rel=\"noopener\">um dos mais movimentados do pa\u00eds<\/a>. A previs\u00e3o \u00e9 de o leil\u00e3o come\u00e7ar \u00e0s 14h.<\/p>\n<p>Os aeroportos ser\u00e3o concedidos \u00e0 iniciativa privada por um per\u00edodo de 30 anos. Em conjunto, os aeroportos processam, aproximadamente, 15,8% do total do tr\u00e1fego de passageiros do pa\u00eds, o equivalente a mais de 30 milh\u00f5es de pessoas por ano (dados de 2019, per\u00edodo pr\u00e9-pandemia).<\/p>\n<p>\u201cEntre 2011 e 2021, o programa de concess\u00e3o aeroportu\u00e1ria no Brasil concedeu o equivalente a 75,82% do tr\u00e1fego nacional \u00e0 iniciativa privada. Somado \u00e0 7\u00aa rodada, esse percentual atingir\u00e1 91,6% de passageiros atendidos em aeroportos concedidos\u201d, informa a Anac.<\/p>\n<p>A Ag\u00eancia disse ainda, por meio da sua assessoria de imprensa, que, na noite de ontem (17), a Justi\u00e7a indeferiu um pedido de suspens\u00e3o do leil\u00e3o, garantindo a sua realiza\u00e7\u00e3o.<\/p>\n<h2>Composi\u00e7\u00e3o dos blocos<\/h2>\n<p>Os 15 aeroportos que estar\u00e3o em leil\u00e3o hoje est\u00e3o nos estados de S\u00e3o Paulo, Rio de Janeiro, Minas Gerais, Par\u00e1, Mato Grosso do Sul e Amap\u00e1. Eles est\u00e3o agrupados em tr\u00eas blocos:<\/p>\n<p>\u2022\u00a0<strong>Bloco SP-MS-PA-MG<\/strong>: liderado pelo Aeroporto de Congonhas (SP), \u00e9 composto ainda pelos aeroportos de Campo Grande, Corumb\u00e1 e Ponta Por\u00e3, em Mato Grosso do Sul; Santar\u00e9m, Marab\u00e1, Parauapebas e Altamira, no Par\u00e1; e Uberl\u00e2ndia, Uberaba e Montes Claros, em Minas Gerais. A contribui\u00e7\u00e3o inicial m\u00ednima \u00e9 de R$ 740,1 milh\u00f5es.<\/p>\n<p>\u2022\u00a0<strong>Bloco Avia\u00e7\u00e3o Geral<\/strong>: \u00e9 formado pelos aeroportos de Campo de Marte, na cidade de S\u00e3o Paulo, e Jacarepagu\u00e1, no Rio de Janeiro. O bloco tem lance m\u00ednimo inicial fixado em R$ 141,4 milh\u00f5es.<\/p>\n<p>\u2022\u00a0<strong>Bloco Norte II<\/strong>: \u00e9 composto pelos aeroportos de Bel\u00e9m e Macap\u00e1 (AP), com lance inicial m\u00ednimo de R$ 56,9 milh\u00f5es.<\/p>\n<p><span style=\"font-weight: 400;\">Fonte: Ag\u00eancia Brasil<\/span><\/p>\n","protected":false},"excerpt":{"rendered":"<p>O leil\u00e3o da 7\u00aa rodada do programa de concess\u00f5es aeroportu\u00e1rias ocorre na tarde desta quinta-feira (18) na bolsa de valores B3, na cidade de S\u00e3o Paulo. De acordo com a Ag\u00eancia Nacional de Avia\u00e7\u00e3o Civil (Anac), ser\u00e3o ofertados 15 aeroportos, reunidos em tr\u00eas blocos. O Aeroporto de Congonhas \u00e9 a atra\u00e7\u00e3o principal dessa rodada de [&hellip;]<\/p>\n","protected":false},"author":246,"featured_media":203205,"comment_status":"closed","ping_status":"closed","sticky":false,"template":"","format":"standard","meta":{"footnotes":""},"categories":[436,261,439],"tags":[],"class_list":["post-203204","post","type-post","status-publish","format-standard","has-post-thumbnail","hentry","category-destaque-da-semana","category-economia","category-ultima-hora"],"_links":{"self":[{"href":"https:\/\/diarioregionaldigital.com.br\/index.php?rest_route=\/wp\/v2\/posts\/203204","targetHints":{"allow":["GET"]}}],"collection":[{"href":"https:\/\/diarioregionaldigital.com.br\/index.php?rest_route=\/wp\/v2\/posts"}],"about":[{"href":"https:\/\/diarioregionaldigital.com.br\/index.php?rest_route=\/wp\/v2\/types\/post"}],"author":[{"embeddable":true,"href":"https:\/\/diarioregionaldigital.com.br\/index.php?rest_route=\/wp\/v2\/users\/246"}],"replies":[{"embeddable":true,"href":"https:\/\/diarioregionaldigital.com.br\/index.php?rest_route=%2Fwp%2Fv2%2Fcomments&post=203204"}],"version-history":[{"count":1,"href":"https:\/\/diarioregionaldigital.com.br\/index.php?rest_route=\/wp\/v2\/posts\/203204\/revisions"}],"predecessor-version":[{"id":203206,"href":"https:\/\/diarioregionaldigital.com.br\/index.php?rest_route=\/wp\/v2\/posts\/203204\/revisions\/203206"}],"wp:featuredmedia":[{"embeddable":true,"href":"https:\/\/diarioregionaldigital.com.br\/index.php?rest_route=\/wp\/v2\/media\/203205"}],"wp:attachment":[{"href":"https:\/\/diarioregionaldigital.com.br\/index.php?rest_route=%2Fwp%2Fv2%2Fmedia&parent=203204"}],"wp:term":[{"taxonomy":"category","embeddable":true,"href":"https:\/\/diarioregionaldigital.com.br\/index.php?rest_route=%2Fwp%2Fv2%2Fcategories&post=203204"},{"taxonomy":"post_tag","embeddable":true,"href":"https:\/\/diarioregionaldigital.com.br\/index.php?rest_route=%2Fwp%2Fv2%2Ftags&post=203204"}],"curies":[{"name":"wp","href":"https:\/\/api.w.org\/{rel}","templated":true}]}}