{"id":203201,"date":"2022-08-18T19:54:46","date_gmt":"2022-08-18T22:54:46","guid":{"rendered":"https:\/\/diarioregionaldigital.com.br\/?p=203201"},"modified":"2022-08-18T19:54:46","modified_gmt":"2022-08-18T22:54:46","slug":"intencao-de-consumo-das-familias-mantem-crescimento","status":"publish","type":"post","link":"https:\/\/diarioregionaldigital.com.br\/?p=203201","title":{"rendered":"Inten\u00e7\u00e3o de consumo das fam\u00edlias mant\u00e9m crescimento"},"content":{"rendered":"<p>pesquisa nacional de Inten\u00e7\u00e3o de Consumo das Fam\u00edlias (ICF) de agosto, divulgada hoje (18) pela Confedera\u00e7\u00e3o Nacional do Com\u00e9rcio de Bens, Servi\u00e7os e Turismo (CNC), mostrou continuidade do processo de crescimento iniciado em janeiro, somando 82,1 pontos. \u00c9 o maior n\u00edvel desde abril de 2020 (95,6 pontos) e superou os resultados do mesmo m\u00eas nos 2 anos anteriores. O avan\u00e7o de 1,1% do indicador no m\u00eas foi puxado pelo maior otimismo das fam\u00edlias com renda acima de dez sal\u00e1rios m\u00ednimos. A varia\u00e7\u00e3o anual atingiu expans\u00e3o de 17%.<img decoding=\"async\" src=\"https:\/\/agenciabrasil.ebc.com.br\/ebc.png?id=1477342&amp;o=node\" \/><img decoding=\"async\" src=\"https:\/\/agenciabrasil.ebc.com.br\/ebc.gif?id=1477342&amp;o=node\" \/><\/p>\n<p>A economista da CNC e coordenadora da pesquisa, Catarina Carneiro da Silva, disse que h\u00e1 mais de um ano as fam\u00edlias com renda superior a dez sal\u00e1rios m\u00ednimos se mostram mais otimistas do que aquelas de menor renda, mas que \u201ceste m\u00eas a varia\u00e7\u00e3o foi mais forte e isso chamou a aten\u00e7\u00e3o. Mas j\u00e1 faz um tempo que elas est\u00e3o mais otimistas\u201d.<\/p>\n<p>Catarina explicou que as fam\u00edlias que recebem mais de dez sal\u00e1rios m\u00ednimos t\u00eam maior acesso \u00e0 renda e est\u00e3o conseguindo consumir n\u00e3o s\u00f3 o que \u00e9 essencial. \u201cElas est\u00e3o tendo maior capacidade de consumo, tanto que o indicador delas de consumo atual atingiu 85,5 pontos em agosto, e o acesso ao cr\u00e9dito est\u00e1 acima de 100 pontos [100,5]. Elas j\u00e1 est\u00e3o satisfeitas com a sua renda e com seu cr\u00e9dito tamb\u00e9m. Em agosto deu uma virada e, apesar da infla\u00e7\u00e3o, as fam\u00edlias t\u00eam um rendimento maior e conseguem consumir\u201d.<\/p>\n<p>A economista da CNC disse que os juros altos n\u00e3o t\u00eam um peso grande no rendimento dessas fam\u00edlias e, por isso, elas est\u00e3o conseguindo ter um melhor acesso ao cr\u00e9dito. \u201cPor causa desses fatores, elas est\u00e3o conseguindo se sobressair no consumo\u201d.<\/p>\n<h2>Cautela<\/h2>\n<p>J\u00e1 as fam\u00edlias de renda at\u00e9 dez m\u00ednimos t\u00eam que escolher o que consumir e acabam priorizando o consumo de bens essenciais. Catarina disse que apesar do aux\u00edlio emergencial, os juros altos e a infla\u00e7\u00e3o alta fazem com que esses consumidores sejam mais cautelosos e tenham mais dificuldade para tomar o cr\u00e9dito para consumir. \u201cElas est\u00e3o avan\u00e7ando tamb\u00e9m, mas n\u00e3o tanto como as outras fam\u00edlias\u201d.<\/p>\n<p>Catarina Carneiro disse que a perspectiva de consumo das fam\u00edlias de menor renda j\u00e1 passou a ser positiva neste m\u00eas. \u201cApesar das dificuldades, elas est\u00e3o aumentando sua perspectiva de consumo, aos poucos\u201d.<\/p>\n<p>Para o grupo de fam\u00edlias com renda acima de dez sal\u00e1rios m\u00ednimos, a inten\u00e7\u00e3o de consumo avan\u00e7ou 3,3% em agosto, enquanto para o grupo de menor renda, o ICF apresentou varia\u00e7\u00e3o positiva de 0,4%.<\/p>\n<p>A CNC destacou, no m\u00eas de agosto, o crescimento do n\u00edvel de consumo atual (2,8%), o maior dos \u00faltimos 6 meses. Esse item foi o que obteve o maior crescimento em ambas as categorias de renda: 2,1% para fam\u00edlias com renda abaixo de dez sal\u00e1rios m\u00ednimos e 5% para fam\u00edlias cuja renda supera dez m\u00ednimos.<\/p>\n<h2>Emprego<\/h2>\n<p>A pesquisa da CNC mostrou que, em rela\u00e7\u00e3o ao mercado de trabalho, os jovens abaixo de 35 anos de idade s\u00e3o os mais favorecidos, ocupando 80,6% das vagas de emprego abertas em junho, de acordo com dados do Cadastro Geral de Empregados e Desempregados (Caged). Assim, essa parcela da popula\u00e7\u00e3o aparece com maior disposi\u00e7\u00e3o para consumir.<\/p>\n<p>\u201cOs jovens abaixo de 35 anos s\u00e3o os que est\u00e3o consumindo mais, justamente porque est\u00e3o tendo maior acesso ao emprego. Eles est\u00e3o tendo mais rendimento, mais sal\u00e1rios e est\u00e3o consumindo mais\u201d.<\/p>\n<p>O IFC que mede o n\u00edvel de inten\u00e7\u00e3o de consumo dos menores de 35 anos de idade ficou em 72,2 pontos em agosto, com varia\u00e7\u00e3o anual de 21,3%, contra indicador de 56,4 pontos para os maiores dessa idade, cujo avan\u00e7o foi de 10,2%, no m\u00eas pesquisado.<\/p>\n<p>Catarina apontou que a perspectiva de consumo est\u00e1 acelerando tanto para as fam\u00edlias de maior rendimento como de menor rendimento. Lembrou que, em julho, as fam\u00edlias de menor rendimento tiveram queda na inten\u00e7\u00e3o de consumo de 1%, devido \u00e0s incertezas da economia e aos desafios da infla\u00e7\u00e3o e dos juros.<\/p>\n<p>\u201cNeste m\u00eas, elas j\u00e1 recuperaram e viram que os rendimentos do Aux\u00edlio Brasil v\u00e3o ajudar. Com isso, est\u00e3o aumentando as perspectivas de aumento do consumo aos poucos\u201d.<\/p>\n<p>O IFC de agosto mostrou eleva\u00e7\u00e3o de 0,5% na inten\u00e7\u00e3o de consumo dos consumidores de menor renda. Considerando todos os respondentes, a perspectiva de consumir no pr\u00f3ximo trimestre teve aumento de 0,8% no m\u00eas, contra 0,2%, em julho.<\/p>\n<p>Quanto \u00e0 perspectiva profissional, as fam\u00edlias de menor renda tiveram queda de 1%, enquanto as fam\u00edlias de maior renda est\u00e3o mais otimistas em rela\u00e7\u00e3o ao emprego nos pr\u00f3ximos meses (2%).<\/p>\n<p>A maior parte dos consumidores revelou seguran\u00e7a no emprego atual (33,3%), o que n\u00e3o ocorria desde abril de 2020. Embora tenha sido registrada essa melhora da percep\u00e7\u00e3o do emprego atual, a perspectiva profissional recuou 0,3% no geral, retirando parte do efeito positivo de julho (0,5%). \u201cEssa queda pontual n\u00e3o retira todos os ganhos que teve ao longo do ano\u201d, disse a economista.<\/p>\n<p>A pesquisa nacional de Inten\u00e7\u00e3o de Consumo das Fam\u00edlias (ICF) \u00e9 um indicador antecedente, cujo objetivo \u00e9 antecipar o potencial das vendas no com\u00e9rcio. Todas as unidades da federa\u00e7\u00e3o s\u00e3o contempladas na pesquisa, totalizando 18 mil question\u00e1rios, analisados mensalmente.<\/p>\n<p><span style=\"font-weight: 400;\"><br \/>\n<\/span><span style=\"font-weight: 400;\">Fonte: Ag\u00eancia Brasil <\/span><\/p>\n","protected":false},"excerpt":{"rendered":"<p>pesquisa nacional de Inten\u00e7\u00e3o de Consumo das Fam\u00edlias (ICF) de agosto, divulgada hoje (18) pela Confedera\u00e7\u00e3o Nacional do Com\u00e9rcio de Bens, Servi\u00e7os e Turismo (CNC), mostrou continuidade do processo de crescimento iniciado em janeiro, somando 82,1 pontos. \u00c9 o maior n\u00edvel desde abril de 2020 (95,6 pontos) e superou os resultados do mesmo m\u00eas nos [&hellip;]<\/p>\n","protected":false},"author":246,"featured_media":203202,"comment_status":"closed","ping_status":"closed","sticky":false,"template":"","format":"standard","meta":{"footnotes":""},"categories":[436,261,439],"tags":[],"class_list":["post-203201","post","type-post","status-publish","format-standard","has-post-thumbnail","hentry","category-destaque-da-semana","category-economia","category-ultima-hora"],"_links":{"self":[{"href":"https:\/\/diarioregionaldigital.com.br\/index.php?rest_route=\/wp\/v2\/posts\/203201","targetHints":{"allow":["GET"]}}],"collection":[{"href":"https:\/\/diarioregionaldigital.com.br\/index.php?rest_route=\/wp\/v2\/posts"}],"about":[{"href":"https:\/\/diarioregionaldigital.com.br\/index.php?rest_route=\/wp\/v2\/types\/post"}],"author":[{"embeddable":true,"href":"https:\/\/diarioregionaldigital.com.br\/index.php?rest_route=\/wp\/v2\/users\/246"}],"replies":[{"embeddable":true,"href":"https:\/\/diarioregionaldigital.com.br\/index.php?rest_route=%2Fwp%2Fv2%2Fcomments&post=203201"}],"version-history":[{"count":1,"href":"https:\/\/diarioregionaldigital.com.br\/index.php?rest_route=\/wp\/v2\/posts\/203201\/revisions"}],"predecessor-version":[{"id":203203,"href":"https:\/\/diarioregionaldigital.com.br\/index.php?rest_route=\/wp\/v2\/posts\/203201\/revisions\/203203"}],"wp:featuredmedia":[{"embeddable":true,"href":"https:\/\/diarioregionaldigital.com.br\/index.php?rest_route=\/wp\/v2\/media\/203202"}],"wp:attachment":[{"href":"https:\/\/diarioregionaldigital.com.br\/index.php?rest_route=%2Fwp%2Fv2%2Fmedia&parent=203201"}],"wp:term":[{"taxonomy":"category","embeddable":true,"href":"https:\/\/diarioregionaldigital.com.br\/index.php?rest_route=%2Fwp%2Fv2%2Fcategories&post=203201"},{"taxonomy":"post_tag","embeddable":true,"href":"https:\/\/diarioregionaldigital.com.br\/index.php?rest_route=%2Fwp%2Fv2%2Ftags&post=203201"}],"curies":[{"name":"wp","href":"https:\/\/api.w.org\/{rel}","templated":true}]}}