{"id":203198,"date":"2022-08-18T19:50:52","date_gmt":"2022-08-18T22:50:52","guid":{"rendered":"https:\/\/diarioregionaldigital.com.br\/?p=203198"},"modified":"2022-08-18T19:50:52","modified_gmt":"2022-08-18T22:50:52","slug":"fontes-renovaveis-na-matriz-energetica-devem-aumentar-em-2022-diz-mme","status":"publish","type":"post","link":"https:\/\/diarioregionaldigital.com.br\/?p=203198","title":{"rendered":"Fontes renov\u00e1veis na matriz energ\u00e9tica devem aumentar em 2022, diz MME"},"content":{"rendered":"<p>Levantamento divulgado pelo Minist\u00e9rio de Minas e Energia (MME) referente ao m\u00eas de maio informa que, em 2022, a Oferta Interna de Energia (OIE) dever\u00e1 crescer menos que o consumo final de energia nos setores econ\u00f4micos. Segundo o Boletim Mensal de Energia, isso ocorrer\u00e1 devido \u00e0 redu\u00e7\u00e3o das perdas de energia na gera\u00e7\u00e3o termel\u00e9trica, decorrente da \u201crecupera\u00e7\u00e3o da gera\u00e7\u00e3o hidr\u00e1ulica\u201d, ap\u00f3s apresentar recuo de 8,5% em 2021.<img decoding=\"async\" src=\"https:\/\/agenciabrasil.ebc.com.br\/ebc.png?id=1477264&amp;o=node\" \/><img decoding=\"async\" src=\"https:\/\/agenciabrasil.ebc.com.br\/ebc.gif?id=1477264&amp;o=node\" \/><\/p>\n<p>Dessa forma, a expectativa \u00e9 que, este ano, as fontes renov\u00e1veis aumentem sua participa\u00e7\u00e3o na matriz el\u00e9trica. A estimativa projetada pelo MME \u00e9 que a OIE aumente em 1,3% (com 305,1 milh\u00f5es de toneladas equivalente de petr\u00f3leo) e 46,4% de fontes renov\u00e1veis, em rela\u00e7\u00e3o a 2021.<\/p>\n<p>Segundo o boletim \u2013 que, ao acompanhar vari\u00e1veis (energ\u00e9ticas e n\u00e3o energ\u00e9ticas) busca estimar o comportamento mensal e acumulado da demanda total de energia do pa\u00eds \u2013 o consumo final de energia deve chegar a 2,5% devido a expans\u00e3o da participa\u00e7\u00e3o hidr\u00e1ulica.<\/p>\n<p>\u201cPara a Oferta Interna de Energia El\u00e9trica (OIEE), espera-se o aumento de 3% na matriz energ\u00e9tica brasileira, sendo as fontes de energia renov\u00e1veis respons\u00e1veis por mais de 84% da gera\u00e7\u00e3o el\u00e9trica\u201d, informou o MME, referindo-se aos dados espec\u00edficos para avalia\u00e7\u00e3o da oferta exclusivamente el\u00e9trica. Com rela\u00e7\u00e3o \u00e0 oferta de energia hidr\u00e1ulica no pa\u00eds, a alta \u00e9 de 8,9% no ano.<\/p>\n<p>De acordo com o levantamento, o consumo de eletricidade aumentou 4,2% na compara\u00e7\u00e3o com maio de 2021. \u201cO consumo comercial tamb\u00e9m segue em destaque, com alta de 13%; o residencial com 2,8%; e o industrial com 2,3%\u201d.<\/p>\n<h2>Tarifas<\/h2>\n<p>O boletim destaca, tamb\u00e9m, que as tarifas de energia el\u00e9trica apresentam altas \u201csignificativas\u201d no acumulado do ano, comparado a 2021, ficando \u201cacima de 20% para cada um dos setores residencial, comercial e industrial\u201d, ainda que tendo apresentado recuo em abril. A tend\u00eancia, no entanto, \u00e9, segundo o minist\u00e9rio, de \u201cbaixa gradativa\u201d para os pr\u00f3ximos meses de 2022.<\/p>\n<p><span style=\"font-weight: 400;\">Fonte: Ag\u00eancia Brasil\u00a0<\/span><span style=\"font-weight: 400;\"><br \/>\n<\/span><\/p>\n","protected":false},"excerpt":{"rendered":"<p>Levantamento divulgado pelo Minist\u00e9rio de Minas e Energia (MME) referente ao m\u00eas de maio informa que, em 2022, a Oferta Interna de Energia (OIE) dever\u00e1 crescer menos que o consumo final de energia nos setores econ\u00f4micos. Segundo o Boletim Mensal de Energia, isso ocorrer\u00e1 devido \u00e0 redu\u00e7\u00e3o das perdas de energia na gera\u00e7\u00e3o termel\u00e9trica, decorrente [&hellip;]<\/p>\n","protected":false},"author":246,"featured_media":203199,"comment_status":"closed","ping_status":"closed","sticky":false,"template":"","format":"standard","meta":{"footnotes":""},"categories":[436,440,261,439],"tags":[],"class_list":["post-203198","post","type-post","status-publish","format-standard","has-post-thumbnail","hentry","category-destaque-da-semana","category-destaques-do-dia","category-economia","category-ultima-hora"],"_links":{"self":[{"href":"https:\/\/diarioregionaldigital.com.br\/index.php?rest_route=\/wp\/v2\/posts\/203198","targetHints":{"allow":["GET"]}}],"collection":[{"href":"https:\/\/diarioregionaldigital.com.br\/index.php?rest_route=\/wp\/v2\/posts"}],"about":[{"href":"https:\/\/diarioregionaldigital.com.br\/index.php?rest_route=\/wp\/v2\/types\/post"}],"author":[{"embeddable":true,"href":"https:\/\/diarioregionaldigital.com.br\/index.php?rest_route=\/wp\/v2\/users\/246"}],"replies":[{"embeddable":true,"href":"https:\/\/diarioregionaldigital.com.br\/index.php?rest_route=%2Fwp%2Fv2%2Fcomments&post=203198"}],"version-history":[{"count":1,"href":"https:\/\/diarioregionaldigital.com.br\/index.php?rest_route=\/wp\/v2\/posts\/203198\/revisions"}],"predecessor-version":[{"id":203200,"href":"https:\/\/diarioregionaldigital.com.br\/index.php?rest_route=\/wp\/v2\/posts\/203198\/revisions\/203200"}],"wp:featuredmedia":[{"embeddable":true,"href":"https:\/\/diarioregionaldigital.com.br\/index.php?rest_route=\/wp\/v2\/media\/203199"}],"wp:attachment":[{"href":"https:\/\/diarioregionaldigital.com.br\/index.php?rest_route=%2Fwp%2Fv2%2Fmedia&parent=203198"}],"wp:term":[{"taxonomy":"category","embeddable":true,"href":"https:\/\/diarioregionaldigital.com.br\/index.php?rest_route=%2Fwp%2Fv2%2Fcategories&post=203198"},{"taxonomy":"post_tag","embeddable":true,"href":"https:\/\/diarioregionaldigital.com.br\/index.php?rest_route=%2Fwp%2Fv2%2Ftags&post=203198"}],"curies":[{"name":"wp","href":"https:\/\/api.w.org\/{rel}","templated":true}]}}