{"id":203191,"date":"2022-08-17T22:04:48","date_gmt":"2022-08-18T01:04:48","guid":{"rendered":"https:\/\/diarioregionaldigital.com.br\/?p=203191"},"modified":"2022-08-17T22:04:48","modified_gmt":"2022-08-18T01:04:48","slug":"prefeitura-realiza-revitalizacao-de-diversas-pracas-da-cidade","status":"publish","type":"post","link":"https:\/\/diarioregionaldigital.com.br\/?p=203191","title":{"rendered":"Prefeitura realiza revitaliza\u00e7\u00e3o de diversas pra\u00e7as da cidade"},"content":{"rendered":"<p>Segundo informa\u00e7\u00f5es do site da Prefeitura de Juiz de Fora (PJF), o Programa Boniteza n\u00e3o para. Nesta quarta-feira, 17, as equipes da Prefeitura de Juiz de Fora (PJF) deram sequ\u00eancia aos trabalhos de revitaliza\u00e7\u00e3o em v\u00e1rias pra\u00e7as, com servi\u00e7os de reforma do cal\u00e7amento, revitaliza\u00e7\u00e3o das pedras portuguesas, pintura de vias, reforma dos canteiros e muretas, e pintura da estrutura.<\/p>\n<p>Destaque para a revitaliza\u00e7\u00e3o nas pra\u00e7as dos bairros Santa Luzia, Nossa Senhora das Gra\u00e7as, para a pra\u00e7a Rubem de Abreu, do Jardim Gl\u00f3ria.<\/p>\n<p><strong>Parc\u00e3o quase pronto<\/strong><\/p>\n<p>As obras de instala\u00e7\u00e3o do parc\u00e3o na pra\u00e7a Pedro Marques, mais conhecida como Pra\u00e7a da Melquita, no bairro Santa Helena, j\u00e1 est\u00e3o em reta final. A previs\u00e3o \u00e9 que as obras sejam conclu\u00eddas at\u00e9 sexta-feira, 19, proporcionando mais uma \u00e1rea de lazer para os pets da regi\u00e3o.<\/p>\n<p>Os trabalhos seguem em andamento em v\u00e1rios pontos da cidade e a programa\u00e7\u00e3o completa das atividades realizadas pela Empav pode ser acompanhada diariamente atrav\u00e9s da p\u00e1gina do Gabinete de A\u00e7\u00e3o e Di\u00e1logo Comunit\u00e1rio, pelo<strong><a href=\"https:\/\/www.pjf.mg.gov.br\/gabinetecomunitario\/#onde\">\u00a0link<\/a><\/strong>.<\/p>\n<p>Todas as a\u00e7\u00f5es de reestrutura\u00e7\u00e3o, urbaniza\u00e7\u00e3o e zeladoria realizadas pela Empresa Municipal de Pavimenta\u00e7\u00e3o e Urbanidades (Empav) fazem parte do Programa Boniteza. Estes e outros servi\u00e7os podem ser solicitados atrav\u00e9s do Gabinete de A\u00e7\u00e3o e Di\u00e1logo Comunit\u00e1rio, que recebe e organiza pedidos relativos a interven\u00e7\u00f5es e melhorias urbanas. O contato pode ser feito por liga\u00e7\u00e3o telef\u00f4nica, pelo n\u00famero (32) 3690-7241 ou, ainda, via WhatsApp, utilizando o mesmo n\u00famero.<\/p>\n","protected":false},"excerpt":{"rendered":"<p>Segundo informa\u00e7\u00f5es do site da Prefeitura de Juiz de Fora (PJF), o Programa Boniteza n\u00e3o para. Nesta quarta-feira, 17, as equipes da Prefeitura de Juiz de Fora (PJF) deram sequ\u00eancia aos trabalhos de revitaliza\u00e7\u00e3o em v\u00e1rias pra\u00e7as, com servi\u00e7os de reforma do cal\u00e7amento, revitaliza\u00e7\u00e3o das pedras portuguesas, pintura de vias, reforma dos canteiros e muretas, [&hellip;]<\/p>\n","protected":false},"author":246,"featured_media":203192,"comment_status":"closed","ping_status":"closed","sticky":false,"template":"","format":"standard","meta":{"footnotes":""},"categories":[253,436,439],"tags":[],"class_list":["post-203191","post","type-post","status-publish","format-standard","has-post-thumbnail","hentry","category-cidade","category-destaque-da-semana","category-ultima-hora"],"_links":{"self":[{"href":"https:\/\/diarioregionaldigital.com.br\/index.php?rest_route=\/wp\/v2\/posts\/203191","targetHints":{"allow":["GET"]}}],"collection":[{"href":"https:\/\/diarioregionaldigital.com.br\/index.php?rest_route=\/wp\/v2\/posts"}],"about":[{"href":"https:\/\/diarioregionaldigital.com.br\/index.php?rest_route=\/wp\/v2\/types\/post"}],"author":[{"embeddable":true,"href":"https:\/\/diarioregionaldigital.com.br\/index.php?rest_route=\/wp\/v2\/users\/246"}],"replies":[{"embeddable":true,"href":"https:\/\/diarioregionaldigital.com.br\/index.php?rest_route=%2Fwp%2Fv2%2Fcomments&post=203191"}],"version-history":[{"count":1,"href":"https:\/\/diarioregionaldigital.com.br\/index.php?rest_route=\/wp\/v2\/posts\/203191\/revisions"}],"predecessor-version":[{"id":203193,"href":"https:\/\/diarioregionaldigital.com.br\/index.php?rest_route=\/wp\/v2\/posts\/203191\/revisions\/203193"}],"wp:featuredmedia":[{"embeddable":true,"href":"https:\/\/diarioregionaldigital.com.br\/index.php?rest_route=\/wp\/v2\/media\/203192"}],"wp:attachment":[{"href":"https:\/\/diarioregionaldigital.com.br\/index.php?rest_route=%2Fwp%2Fv2%2Fmedia&parent=203191"}],"wp:term":[{"taxonomy":"category","embeddable":true,"href":"https:\/\/diarioregionaldigital.com.br\/index.php?rest_route=%2Fwp%2Fv2%2Fcategories&post=203191"},{"taxonomy":"post_tag","embeddable":true,"href":"https:\/\/diarioregionaldigital.com.br\/index.php?rest_route=%2Fwp%2Fv2%2Ftags&post=203191"}],"curies":[{"name":"wp","href":"https:\/\/api.w.org\/{rel}","templated":true}]}}