{"id":203062,"date":"2022-08-15T23:35:36","date_gmt":"2022-08-16T02:35:36","guid":{"rendered":"https:\/\/diarioregionaldigital.com.br\/?p=203062"},"modified":"2022-08-15T23:35:36","modified_gmt":"2022-08-16T02:35:36","slug":"caravana-de-historias-realiza-eventos-na-19a-campanha-de-popularizacao-do-teatro-danca","status":"publish","type":"post","link":"https:\/\/diarioregionaldigital.com.br\/?p=203062","title":{"rendered":"Caravana de Hist\u00f3rias realiza eventos na 19\u00aa Campanha de Populariza\u00e7\u00e3o do Teatro &#038; Dan\u00e7a"},"content":{"rendered":"<p>Segundo informa\u00e7\u00f5es do site da Prefeitura de Juiz de Fora (PJF), o grupo Caravana de Hist\u00f3rias da Secretaria de Educa\u00e7\u00e3o (SE) realizar\u00e1 nesta semana dois eventos dentro da programa\u00e7\u00e3o da 19\u00aa Campanha de Populariza\u00e7\u00e3o do Teatro &amp; Dan\u00e7a. <strong>A divulga\u00e7\u00e3o em audiodescri\u00e7\u00e3o desta mat\u00e9ria pode ser conferida no QR code da imagem<\/strong>.<br \/>\n<strong>Audiodescri\u00e7\u00e3o e Libras no Teatro<\/strong><br \/>\nO primeiro evento ocorre na segunda-feira, 15, \u00e0s 20h pelo Instagram da Associa\u00e7\u00e3o dos Produtores de Artes C\u00eanicas (Apac),<a href=\"https:\/\/www.instagram.com\/apacjf\/\">\u00a0@apacjf<\/a>, com o tema \u201cAudiodescri\u00e7\u00e3o e Libras no Teatro\u201d. Este evento contar\u00e1 com as participa\u00e7\u00f5es de Fludualdo Talis e Rita Matheus, que atuam com audiodescri\u00e7\u00e3o, e Raquel Motta, que atua com tradu\u00e7\u00e3o e interpreta\u00e7\u00e3o em Libras na rede municipal de ensino.<br \/>\n<strong>Pedepoesia<\/strong><br \/>\nO segundo evento acontece na sexta-feira, 19, \u00e0s 19h no Teatro Paschoal Carlos Magno com a apresenta\u00e7\u00e3o do espet\u00e1culo\u00a0<strong>Pedepoesia.\u00a0<\/strong>O evento \u00e9 um \u201cprivil\u00e9gio insetal\u201d, pelo qual se busca o caminho do tempo. Um vilarejo, onde se pode inventar brinquedos o tempo todo. Um passeio pelo universo da poesia e da m\u00e1scara. A Caravana de Hist\u00f3rias convida todos a fazer um passeio est\u00e9tico sobre as diferentes maneiras de ser e de estar no mundo, buscando uma po\u00e9tica para a vida. O espet\u00e1culo elege o texto liter\u00e1rio como norteador dos di\u00e1logos art\u00edsticos, flerta com as linguagens do teatro, das narrativas orais e da m\u00fasica, buscando construir uma composi\u00e7\u00e3o c\u00eanica com potentes entrela\u00e7amentos art\u00edsticos\u201d.<br \/>\nO espet\u00e1culo tem a dire\u00e7\u00e3o musical do maestro Guto Cimino e a dire\u00e7\u00e3o geral do professor Cristiano Fernandes. Os ingressos antecipados para este espet\u00e1culo podem ser adquiridos no trailer da Apac no Parque Halfeld, por R$10,00.<br \/>\n<strong>19\u00aa Campanha de Populariza\u00e7\u00e3o do Teatro &amp; Dan\u00e7a<\/strong><br \/>\nOrganizada pela Associa\u00e7\u00e3o dos Produtores de Artes C\u00eanicas (Apac) de Juiz de Fora. Com apoio do Sindicato dos Produtores de Artes C\u00eanicas de Minas Gerais e da Prefeitura de Juiz de Fora (PJF)\/Funda\u00e7\u00e3o Cultural Alfredo Ferreira Lage (Funalfa), a campanha teve in\u00edcio no \u00faltimo dia 4 e segue at\u00e9 28 de agosto. Os objetivos s\u00e3o promover o acesso da popula\u00e7\u00e3o aos teatros e outros equipamentos de cultura, apoiar produtores e artistas locais, promover frui\u00e7\u00e3o e forma\u00e7\u00e3o de p\u00fablico. A programa\u00e7\u00e3o completa de espet\u00e1culos pode ser conferida nas redes sociais da Apac.<br \/>\nOs ingressos est\u00e3o sendo vendidos no trailer instalado no Parque Halfeld, na altura do Pa\u00e7o Municipal, no Centro, com pre\u00e7os promocionais: R$ 10 e R$ 15, conforme o espet\u00e1culo. O ponto de venda funciona de segunda a sexta-feira, das 13h \u00e0s 19h; aos s\u00e1bados, das 10h \u00e0s 19h; e aos domingos, das 14h \u00e0s 19h. Os ingressos tamb\u00e9m podem ser adquiridos na portaria dos espa\u00e7os, nos dias de apresenta\u00e7\u00e3o, por\u00e9m com pre\u00e7os maiores do que se forem adquiridos no Parque Halfeld.<br \/>\n<strong>Sobre o Grupo<\/strong><br \/>\nO grupo \u201cCaravana de Hist\u00f3rias&#8221; comp\u00f5e uma das a\u00e7\u00f5es do \u201cPrograma Arte\/Educa\u00e7\u00e3o da Rede Municipal\u201d, e \u00e9 desenvolvido pelo Departamento de Planejamento Pedag\u00f3gico e de Forma\u00e7\u00e3o, por meio da Supervis\u00e3o de Projetos de Artes, Cultura e Cidadania, sendo um desdobramento da proposta de forma\u00e7\u00e3o continuada \u201cLeitura e Conta\u00e7\u00e3o de Hist\u00f3rias\u201d, iniciada em 2014, com o intuito de estimular a pr\u00e1tica art\u00edstica da conta\u00e7\u00e3o de hist\u00f3rias no cotidiano das escolas.<br \/>\nDe 2015 a 2019, o grupo montou quatro espet\u00e1culos: \u201cSe Bicho eu Pudesse ser\u201d, \u201cVelhos Tempos de mim: saberes e sabores da inf\u00e2ncia\u201d, \u201cQuer Saber se Quero Outra Vida?\u201d e \u201cPedepoesia\u201d. Essas montagens foram apresentadas no Centro de Forma\u00e7\u00e3o do Professor, em escolas, festivais de teatro e outros eventos culturais de Juiz de Fora e da regi\u00e3o. Desde ent\u00e3o, o grupo conta, canta e interpreta hist\u00f3rias, contos, can\u00e7\u00f5es e poemas, fazendo um passeio l\u00fadico pelo mundo da literatura e de outras artes, com magia e encantamento. E a partir de 2020, devido \u00e0 pandemia, o grupo come\u00e7ou a se apresentar em lives no seu perfil no Instagram (@caravanadehistorias) e no canal do YouTube da Secretaria de Educa\u00e7\u00e3o. Desde 2021 o grupo voltou aos palcos com apresenta\u00e7\u00f5es emocionantes.<br \/>\n<strong>Outras informa\u00e7\u00f5es podem ser obtidas por meio das m\u00eddias sociais ou e-mail do grupo:<\/strong><br \/>\n<a href=\"https:\/\/instagram.com\/caravanadehistorias?igshid=1l024omxrzt0x\"><strong>Instagram: @caravanadehistorias<\/strong><\/a><\/p>\n<p><a href=\"https:\/\/www.facebook.com\/groups\/465667220251356\"><strong>Facebook: Caravana de Hist\u00f3rias<\/strong><\/a><\/p>\n<p>E-mail: caravanadehistoriasjf@gmail.com<\/p>\n","protected":false},"excerpt":{"rendered":"<p>Segundo informa\u00e7\u00f5es do site da Prefeitura de Juiz de Fora (PJF), o grupo Caravana de Hist\u00f3rias da Secretaria de Educa\u00e7\u00e3o (SE) realizar\u00e1 nesta semana dois eventos dentro da programa\u00e7\u00e3o da 19\u00aa Campanha de Populariza\u00e7\u00e3o do Teatro &amp; Dan\u00e7a. A divulga\u00e7\u00e3o em audiodescri\u00e7\u00e3o desta mat\u00e9ria pode ser conferida no QR code da imagem. Audiodescri\u00e7\u00e3o e Libras [&hellip;]<\/p>\n","protected":false},"author":246,"featured_media":203063,"comment_status":"closed","ping_status":"closed","sticky":false,"template":"","format":"standard","meta":{"footnotes":""},"categories":[253,436,439],"tags":[],"class_list":["post-203062","post","type-post","status-publish","format-standard","has-post-thumbnail","hentry","category-cidade","category-destaque-da-semana","category-ultima-hora"],"_links":{"self":[{"href":"https:\/\/diarioregionaldigital.com.br\/index.php?rest_route=\/wp\/v2\/posts\/203062","targetHints":{"allow":["GET"]}}],"collection":[{"href":"https:\/\/diarioregionaldigital.com.br\/index.php?rest_route=\/wp\/v2\/posts"}],"about":[{"href":"https:\/\/diarioregionaldigital.com.br\/index.php?rest_route=\/wp\/v2\/types\/post"}],"author":[{"embeddable":true,"href":"https:\/\/diarioregionaldigital.com.br\/index.php?rest_route=\/wp\/v2\/users\/246"}],"replies":[{"embeddable":true,"href":"https:\/\/diarioregionaldigital.com.br\/index.php?rest_route=%2Fwp%2Fv2%2Fcomments&post=203062"}],"version-history":[{"count":2,"href":"https:\/\/diarioregionaldigital.com.br\/index.php?rest_route=\/wp\/v2\/posts\/203062\/revisions"}],"predecessor-version":[{"id":203065,"href":"https:\/\/diarioregionaldigital.com.br\/index.php?rest_route=\/wp\/v2\/posts\/203062\/revisions\/203065"}],"wp:featuredmedia":[{"embeddable":true,"href":"https:\/\/diarioregionaldigital.com.br\/index.php?rest_route=\/wp\/v2\/media\/203063"}],"wp:attachment":[{"href":"https:\/\/diarioregionaldigital.com.br\/index.php?rest_route=%2Fwp%2Fv2%2Fmedia&parent=203062"}],"wp:term":[{"taxonomy":"category","embeddable":true,"href":"https:\/\/diarioregionaldigital.com.br\/index.php?rest_route=%2Fwp%2Fv2%2Fcategories&post=203062"},{"taxonomy":"post_tag","embeddable":true,"href":"https:\/\/diarioregionaldigital.com.br\/index.php?rest_route=%2Fwp%2Fv2%2Ftags&post=203062"}],"curies":[{"name":"wp","href":"https:\/\/api.w.org\/{rel}","templated":true}]}}