{"id":203059,"date":"2022-08-15T23:32:59","date_gmt":"2022-08-16T02:32:59","guid":{"rendered":"https:\/\/diarioregionaldigital.com.br\/?p=203059"},"modified":"2022-08-15T23:32:59","modified_gmt":"2022-08-16T02:32:59","slug":"comissao-de-prevencao-e-combate-ao-assedio-moral-da-pjf-tratou-tema-na-sipat-da-cesama","status":"publish","type":"post","link":"https:\/\/diarioregionaldigital.com.br\/?p=203059","title":{"rendered":"Comiss\u00e3o de preven\u00e7\u00e3o e combate ao ass\u00e9dio moral da PJF tratou tema na Sipat da Cesama"},"content":{"rendered":"<p>Segundo informa\u00e7\u00f5es do site da Prefeitura de Juiz de Fora (PJF), a Comiss\u00e3o de Preven\u00e7\u00e3o e Combate ao Ass\u00e9dio Moral (CCPCAM) da Prefeitura de Juiz de Fora (PJF), participou da 31\u00aa Semana Interna de Preven\u00e7\u00e3o de Acidentes de Trabalho (Sipat) da Companhia de Saneamento Municipal (Cesama). As representantes da CCPCAM foram a coordenadora da comiss\u00e3o, Patr\u00edcia Santiago, e a secret\u00e1ria do grupo, Ana Paula Medeiros. Foram dois dias de participa\u00e7\u00e3o, na quinta e sexta-feira, 11 e 12. Em suas falas, houve a abordagem sobre preven\u00e7\u00e3o e conflito Interpessoal, al\u00e9m da funcionalidade do conflito como meio de processo de mudan\u00e7a e a import\u00e2ncia de agir com assertividade.<br \/>\nPara a coordenadora da CCPCAM, \u201cpoder atuar contribuindo para a informa\u00e7\u00e3o e conscientiza\u00e7\u00e3o do tema \u00e9 de suma import\u00e2ncia para a preven\u00e7\u00e3o do ass\u00e9dio moral\u201d. Em julho, a comiss\u00e3o j\u00e1 havia colaborado com outra a\u00e7\u00e3o da Cesama, durante o Treinamento Anual do C\u00f3digo de \u00c9tica e Integridade para a Alta Administra\u00e7\u00e3o e Gestores com foco em Ass\u00e9dio Moral no Trabalho e Conflito Interpessoal. A CCPCAM faz parte da Rede de Preven\u00e7\u00e3o e Combate ao Ass\u00e9dio Moral, que atua em a\u00e7\u00f5es educativas sobre o tema, visando a conscientiza\u00e7\u00e3o, bem como em procedimentos de media\u00e7\u00e3o.<\/p>\n","protected":false},"excerpt":{"rendered":"<p>Segundo informa\u00e7\u00f5es do site da Prefeitura de Juiz de Fora (PJF), a Comiss\u00e3o de Preven\u00e7\u00e3o e Combate ao Ass\u00e9dio Moral (CCPCAM) da Prefeitura de Juiz de Fora (PJF), participou da 31\u00aa Semana Interna de Preven\u00e7\u00e3o de Acidentes de Trabalho (Sipat) da Companhia de Saneamento Municipal (Cesama). As representantes da CCPCAM foram a coordenadora da comiss\u00e3o, [&hellip;]<\/p>\n","protected":false},"author":246,"featured_media":203060,"comment_status":"closed","ping_status":"closed","sticky":false,"template":"","format":"standard","meta":{"footnotes":""},"categories":[253,436,439],"tags":[],"class_list":["post-203059","post","type-post","status-publish","format-standard","has-post-thumbnail","hentry","category-cidade","category-destaque-da-semana","category-ultima-hora"],"_links":{"self":[{"href":"https:\/\/diarioregionaldigital.com.br\/index.php?rest_route=\/wp\/v2\/posts\/203059","targetHints":{"allow":["GET"]}}],"collection":[{"href":"https:\/\/diarioregionaldigital.com.br\/index.php?rest_route=\/wp\/v2\/posts"}],"about":[{"href":"https:\/\/diarioregionaldigital.com.br\/index.php?rest_route=\/wp\/v2\/types\/post"}],"author":[{"embeddable":true,"href":"https:\/\/diarioregionaldigital.com.br\/index.php?rest_route=\/wp\/v2\/users\/246"}],"replies":[{"embeddable":true,"href":"https:\/\/diarioregionaldigital.com.br\/index.php?rest_route=%2Fwp%2Fv2%2Fcomments&post=203059"}],"version-history":[{"count":1,"href":"https:\/\/diarioregionaldigital.com.br\/index.php?rest_route=\/wp\/v2\/posts\/203059\/revisions"}],"predecessor-version":[{"id":203061,"href":"https:\/\/diarioregionaldigital.com.br\/index.php?rest_route=\/wp\/v2\/posts\/203059\/revisions\/203061"}],"wp:featuredmedia":[{"embeddable":true,"href":"https:\/\/diarioregionaldigital.com.br\/index.php?rest_route=\/wp\/v2\/media\/203060"}],"wp:attachment":[{"href":"https:\/\/diarioregionaldigital.com.br\/index.php?rest_route=%2Fwp%2Fv2%2Fmedia&parent=203059"}],"wp:term":[{"taxonomy":"category","embeddable":true,"href":"https:\/\/diarioregionaldigital.com.br\/index.php?rest_route=%2Fwp%2Fv2%2Fcategories&post=203059"},{"taxonomy":"post_tag","embeddable":true,"href":"https:\/\/diarioregionaldigital.com.br\/index.php?rest_route=%2Fwp%2Fv2%2Ftags&post=203059"}],"curies":[{"name":"wp","href":"https:\/\/api.w.org\/{rel}","templated":true}]}}